{"id":6721,"date":"2023-07-20T11:12:53","date_gmt":"2023-07-20T11:12:53","guid":{"rendered":"https:\/\/solexpert.es\/?p=6721"},"modified":"2023-09-29T12:25:54","modified_gmt":"2023-09-29T12:25:54","slug":"cortinas-a-medida-para-tu-segunda-residencia-en-la-costa-brava-dale-vida-a-tu-casa-de-vacaciones","status":"publish","type":"post","link":"https:\/\/solexpert.es\/es\/cortinas-a-medida-para-tu-segunda-residencia-en-la-costa-brava-dale-vida-a-tu-casa-de-vacaciones\/","title":{"rendered":"Cortinas a medida para tu segunda residencia en la Costa Brava: \u00a1Dale vida a tu casa de vacaciones!"},"content":{"rendered":"<h2>Cortinas a medida para tu segunda residencia en la Costa Brava<\/h2>\n<p>Cuando pensamos en nuestra segunda residencia en la maravillosa Costa Brava, imaginamos un refugio de paz y comodidad, un lugar para escapar del ajetreo de la ciudad y disfrutar de momentos inolvidables junto al mar o en un bonito pueblo costero. Y qu\u00e9 mejor forma de realzar la belleza de este para\u00edso mediterr\u00e1neo que con unas cortinas a medida que complementen a la perfecci\u00f3n el estilo de tu casa de vacaciones.<\/p>\n<p>En nuestra empresa de toldos y protecci\u00f3n solar, nos especializamos en la confecci\u00f3n e instalaci\u00f3n de cortinas a medida para casas de vacaciones en la Costa Brava. Nuestra amplia experiencia y conocimiento de la zona nos han permitido ganarnos la confianza de numerosos clientes que quieren convertir la segunda residencia en un verdadero oasis de confort y dise\u00f1o.<\/p>\n<p>Cada hogar es \u00fanico y tiene su propio encanto, por lo que para cada estilo de casa disponemos de una soluci\u00f3n personalizada. Ya sea que quieras darle un toque r\u00fastico y acogedor a tu casa de playa, mantener la elegancia de lo tradicional o la practicidad de las cortinas venecianas, estamos preparados para ofrecerte la mejor opci\u00f3n.<\/p>\n<p><img fetchpriority=\"high\" decoding=\"async\" class=\"alignnone  wp-image-6722\" src=\"https:\/\/solexpert.es\/wp-content\/uploads\/2023\/07\/330629400_707498511041856_4652732606972122842_n-1-300x300.jpg\" alt=\"\" width=\"480\" height=\"480\" srcset=\"https:\/\/solexpert.es\/wp-content\/uploads\/2023\/07\/330629400_707498511041856_4652732606972122842_n-1-300x300.jpg 300w, https:\/\/solexpert.es\/wp-content\/uploads\/2023\/07\/330629400_707498511041856_4652732606972122842_n-1-1024x1024.jpg 1024w, https:\/\/solexpert.es\/wp-content\/uploads\/2023\/07\/330629400_707498511041856_4652732606972122842_n-1-150x150.jpg 150w, https:\/\/solexpert.es\/wp-content\/uploads\/2023\/07\/330629400_707498511041856_4652732606972122842_n-1-768x768.jpg 768w, https:\/\/solexpert.es\/wp-content\/uploads\/2023\/07\/330629400_707498511041856_4652732606972122842_n-1.jpg 1440w\" sizes=\"(max-width: 480px) 100vw, 480px\" \/><\/p>\n<p>Cortinas r\u00fasticas: Si su segunda residencia en la Costa Brava tiene este encanto de las casas de pay\u00e9s o el ambiente acogedor de una casa de playa, las cortinas r\u00fasticas pueden ser la elecci\u00f3n perfecta. Confeccionadas en telas naturales y tonos c\u00e1lidos, estas cortinas a medida aportar\u00e1n una sensaci\u00f3n de calidez y confort, creando un ambiente acogedor por tus momentos de descanso.<\/p>\n<p>Cortinas tradicionales: Para aquellos que deseen mantener el encanto cl\u00e1sico y atemporal de casa de vacaciones, las cortinas tradicionales son una opci\u00f3n elegante. Con una amplia variedad de tejidos y estilos, estas cortinas a medida se adaptar\u00e1n a la perfecci\u00f3n a la decoraci\u00f3n de tu casa, proporcionando un toque de sofisticaci\u00f3n y elegancia.<\/p>\n<p>Cortinas venecianas: Si buscas una soluci\u00f3n vers\u00e1til y pr\u00e1ctica para tu segunda residencia en la Costa Brava, las cortinas venecianas son una excelente opci\u00f3n. Con su dise\u00f1o moderno y funcional, te permiten controlar la cantidad de luz y privacidad que desees en cada momento, adem\u00e1s de ser muy f\u00e1ciles de mantener y limpiar, ideal para una casa de vacaciones.<\/p>\n<p>En nuestra empresa, nos enorgullecemos de ofrecer un servicio completo, desde la asesor\u00eda en dise\u00f1o hasta la instalaci\u00f3n de las cortinas a medida en tu segunda residencia en la Costa Brava. Nuestro equipo de expertos estar\u00e1 encantado de guiarle en el proceso y asegurarse de que cada detalle sea cuidado para que obtengas el resultado que deseas.<\/p>\n<p><img decoding=\"async\" class=\"alignnone  wp-image-6723\" src=\"https:\/\/solexpert.es\/wp-content\/uploads\/2023\/07\/349461083_800715211235756_1697036482103725332_n-1-300x300.jpg\" alt=\"\" width=\"473\" height=\"473\" srcset=\"https:\/\/solexpert.es\/wp-content\/uploads\/2023\/07\/349461083_800715211235756_1697036482103725332_n-1-300x300.jpg 300w, https:\/\/solexpert.es\/wp-content\/uploads\/2023\/07\/349461083_800715211235756_1697036482103725332_n-1-1024x1024.jpg 1024w, https:\/\/solexpert.es\/wp-content\/uploads\/2023\/07\/349461083_800715211235756_1697036482103725332_n-1-150x150.jpg 150w, https:\/\/solexpert.es\/wp-content\/uploads\/2023\/07\/349461083_800715211235756_1697036482103725332_n-1-768x768.jpg 768w, https:\/\/solexpert.es\/wp-content\/uploads\/2023\/07\/349461083_800715211235756_1697036482103725332_n-1.jpg 1440w\" sizes=\"(max-width: 473px) 100vw, 473px\" \/><\/p>\n<p>No importa si tienes una casa en la playa con vistas al mar o una acogedora propiedad en un pueblo pintoresco, unas cortinas a medida pueden marcar la diferencia y dar vida a tu segunda residencia en la Costa Brava. Conf\u00eda en nuestra experiencia y profesionalismo para hacer de tu hogar de vacaciones un sitio a\u00fan m\u00e1s especial.<\/p>\n<h2>Instalaci\u00f3n de cortinas en la Costa Brava<\/h2>\n<p>En conclusi\u00f3n, nuestras cortinas a medida son la soluci\u00f3n ideal para aquellos que buscan realzar la belleza y estilo de su segunda residencia en la hermosa Costa Brava. Con opciones que van desde lo r\u00fastico hasta lo tradicional y lo moderno, estamos seguros de que encontraremos la combinaci\u00f3n perfecta para tu hogar de vacaciones. <a href=\"https:\/\/solexpert.es\"><strong>Contacta con nosotros<\/strong><\/a> \u00a1y d\u00e9janos dar vida a tu espacio en la Costa Brava!<\/p>\n","protected":false},"excerpt":{"rendered":"<p>Cortinas a medida para tu segunda residencia en la Costa Brava Cuando pensamos en nuestra segunda residencia en la maravillosa Costa Brava, imaginamos un refugio de paz y comodidad, un lugar para escapar del ajetreo de la ciudad y disfrutar de momentos inolvidables junto al mar o en un bonito pueblo costero. Y qu&eacute; mejor forma de realzar la belleza [&hellip;]<\/p>\n","protected":false},"author":1,"featured_media":6723,"comment_status":"closed","ping_status":"closed","sticky":false,"template":"","format":"standard","meta":{"_joinchat":[],"footnotes":""},"categories":[1],"tags":[],"class_list":["post-6721","post","type-post","status-publish","format-standard","has-post-thumbnail","hentry","category-sin-categorizar"],"yoast_head":"<!-- This site is optimized with the Yoast SEO plugin v27.5 - https:\/\/yoast.com\/product\/yoast-seo-wordpress\/ -->\n<title>Cortinas a medida en la Costa Brava I SolExpert<\/title>\n<meta name=\"description\" content=\"No importa si tienes una casa en la playa con vistas al mar o una acogedora propiedad en un pueblo pintoresco, unas cortinas a medida\" \/>\n<meta name=\"robots\" content=\"index, follow, max-snippet:-1, max-image-preview:large, max-video-preview:-1\" \/>\n<link rel=\"canonical\" href=\"https:\/\/solexpert.es\/es\/cortinas-a-medida-para-tu-segunda-residencia-en-la-costa-brava-dale-vida-a-tu-casa-de-vacaciones\/\" \/>\n<meta property=\"og:locale\" content=\"es_ES\" \/>\n<meta property=\"og:type\" content=\"article\" \/>\n<meta property=\"og:title\" content=\"Cortinas a medida en la Costa Brava I SolExpert\" \/>\n<meta property=\"og:description\" content=\"No importa si tienes una casa en la playa con vistas al mar o una acogedora propiedad en un pueblo pintoresco, unas cortinas a medida\" \/>\n<meta property=\"og:url\" content=\"https:\/\/solexpert.es\/es\/cortinas-a-medida-para-tu-segunda-residencia-en-la-costa-brava-dale-vida-a-tu-casa-de-vacaciones\/\" \/>\n<meta property=\"og:site_name\" content=\"\u25b6 Venta de toldos en L&#039; Escala\" \/>\n<meta property=\"article:published_time\" content=\"2023-07-20T11:12:53+00:00\" \/>\n<meta property=\"article:modified_time\" content=\"2023-09-29T12:25:54+00:00\" \/>\n<meta property=\"og:image\" content=\"https:\/\/solexpert.es\/wp-content\/uploads\/2023\/07\/349461083_800715211235756_1697036482103725332_n-1.jpg\" \/>\n\t<meta property=\"og:image:width\" content=\"1440\" \/>\n\t<meta property=\"og:image:height\" content=\"1440\" \/>\n\t<meta property=\"og:image:type\" content=\"image\/jpeg\" \/>\n<meta name=\"author\" content=\"SolExpert\" \/>\n<meta name=\"twitter:card\" content=\"summary_large_image\" \/>\n<meta name=\"twitter:label1\" content=\"Escrito por\" \/>\n\t<meta name=\"twitter:data1\" content=\"SolExpert\" \/>\n\t<meta name=\"twitter:label2\" content=\"Tiempo de lectura\" \/>\n\t<meta name=\"twitter:data2\" content=\"4 minutos\" \/>\n<script type=\"application\/ld+json\" class=\"yoast-schema-graph\">{\"@context\":\"https:\\\/\\\/schema.org\",\"@graph\":[{\"@type\":\"Article\",\"@id\":\"https:\\\/\\\/solexpert.es\\\/es\\\/cortinas-a-medida-para-tu-segunda-residencia-en-la-costa-brava-dale-vida-a-tu-casa-de-vacaciones\\\/#article\",\"isPartOf\":{\"@id\":\"https:\\\/\\\/solexpert.es\\\/es\\\/cortinas-a-medida-para-tu-segunda-residencia-en-la-costa-brava-dale-vida-a-tu-casa-de-vacaciones\\\/\"},\"author\":{\"name\":\"SolExpert\",\"@id\":\"https:\\\/\\\/solexpert.info\\\/#\\\/schema\\\/person\\\/e7958ef35e46dd8f211e1ecb58f89e63\"},\"headline\":\"Cortinas a medida para tu segunda residencia en la Costa Brava: \u00a1Dale vida a tu casa de vacaciones!\",\"datePublished\":\"2023-07-20T11:12:53+00:00\",\"dateModified\":\"2023-09-29T12:25:54+00:00\",\"mainEntityOfPage\":{\"@id\":\"https:\\\/\\\/solexpert.es\\\/es\\\/cortinas-a-medida-para-tu-segunda-residencia-en-la-costa-brava-dale-vida-a-tu-casa-de-vacaciones\\\/\"},\"wordCount\":621,\"publisher\":{\"@id\":\"https:\\\/\\\/solexpert.info\\\/#organization\"},\"image\":{\"@id\":\"https:\\\/\\\/solexpert.es\\\/es\\\/cortinas-a-medida-para-tu-segunda-residencia-en-la-costa-brava-dale-vida-a-tu-casa-de-vacaciones\\\/#primaryimage\"},\"thumbnailUrl\":\"https:\\\/\\\/solexpert.es\\\/wp-content\\\/uploads\\\/2023\\\/07\\\/349461083_800715211235756_1697036482103725332_n-1.jpg\",\"articleSection\":[\"Sin categorizar\"],\"inLanguage\":\"es\"},{\"@type\":\"WebPage\",\"@id\":\"https:\\\/\\\/solexpert.es\\\/es\\\/cortinas-a-medida-para-tu-segunda-residencia-en-la-costa-brava-dale-vida-a-tu-casa-de-vacaciones\\\/\",\"url\":\"https:\\\/\\\/solexpert.es\\\/es\\\/cortinas-a-medida-para-tu-segunda-residencia-en-la-costa-brava-dale-vida-a-tu-casa-de-vacaciones\\\/\",\"name\":\"Cortinas a medida en la Costa Brava I SolExpert\",\"isPartOf\":{\"@id\":\"https:\\\/\\\/solexpert.info\\\/#website\"},\"primaryImageOfPage\":{\"@id\":\"https:\\\/\\\/solexpert.es\\\/es\\\/cortinas-a-medida-para-tu-segunda-residencia-en-la-costa-brava-dale-vida-a-tu-casa-de-vacaciones\\\/#primaryimage\"},\"image\":{\"@id\":\"https:\\\/\\\/solexpert.es\\\/es\\\/cortinas-a-medida-para-tu-segunda-residencia-en-la-costa-brava-dale-vida-a-tu-casa-de-vacaciones\\\/#primaryimage\"},\"thumbnailUrl\":\"https:\\\/\\\/solexpert.es\\\/wp-content\\\/uploads\\\/2023\\\/07\\\/349461083_800715211235756_1697036482103725332_n-1.jpg\",\"datePublished\":\"2023-07-20T11:12:53+00:00\",\"dateModified\":\"2023-09-29T12:25:54+00:00\",\"description\":\"No importa si tienes una casa en la playa con vistas al mar o una acogedora propiedad en un pueblo pintoresco, unas cortinas a medida\",\"breadcrumb\":{\"@id\":\"https:\\\/\\\/solexpert.es\\\/es\\\/cortinas-a-medida-para-tu-segunda-residencia-en-la-costa-brava-dale-vida-a-tu-casa-de-vacaciones\\\/#breadcrumb\"},\"inLanguage\":\"es\",\"potentialAction\":[{\"@type\":\"ReadAction\",\"target\":[\"https:\\\/\\\/solexpert.es\\\/es\\\/cortinas-a-medida-para-tu-segunda-residencia-en-la-costa-brava-dale-vida-a-tu-casa-de-vacaciones\\\/\"]}]},{\"@type\":\"ImageObject\",\"inLanguage\":\"es\",\"@id\":\"https:\\\/\\\/solexpert.es\\\/es\\\/cortinas-a-medida-para-tu-segunda-residencia-en-la-costa-brava-dale-vida-a-tu-casa-de-vacaciones\\\/#primaryimage\",\"url\":\"https:\\\/\\\/solexpert.es\\\/wp-content\\\/uploads\\\/2023\\\/07\\\/349461083_800715211235756_1697036482103725332_n-1.jpg\",\"contentUrl\":\"https:\\\/\\\/solexpert.es\\\/wp-content\\\/uploads\\\/2023\\\/07\\\/349461083_800715211235756_1697036482103725332_n-1.jpg\",\"width\":1440,\"height\":1440},{\"@type\":\"BreadcrumbList\",\"@id\":\"https:\\\/\\\/solexpert.es\\\/es\\\/cortinas-a-medida-para-tu-segunda-residencia-en-la-costa-brava-dale-vida-a-tu-casa-de-vacaciones\\\/#breadcrumb\",\"itemListElement\":[{\"@type\":\"ListItem\",\"position\":1,\"name\":\"Inici\",\"item\":\"https:\\\/\\\/solexpert.es\\\/es\\\/\"},{\"@type\":\"ListItem\",\"position\":2,\"name\":\"Cortinas a medida para tu segunda residencia en la Costa Brava: \u00a1Dale vida a tu casa de vacaciones!\"}]},{\"@type\":\"WebSite\",\"@id\":\"https:\\\/\\\/solexpert.info\\\/#website\",\"url\":\"https:\\\/\\\/solexpert.info\\\/\",\"name\":\"\u25b6 Venta de toldos en L&#039; Escala\",\"description\":\"\",\"publisher\":{\"@id\":\"https:\\\/\\\/solexpert.info\\\/#organization\"},\"potentialAction\":[{\"@type\":\"SearchAction\",\"target\":{\"@type\":\"EntryPoint\",\"urlTemplate\":\"https:\\\/\\\/solexpert.info\\\/?s={search_term_string}\"},\"query-input\":{\"@type\":\"PropertyValueSpecification\",\"valueRequired\":true,\"valueName\":\"search_term_string\"}}],\"inLanguage\":\"es\"},{\"@type\":\"Organization\",\"@id\":\"https:\\\/\\\/solexpert.info\\\/#organization\",\"name\":\"\u25b6 Venta de toldos en L&#039; Escala\",\"url\":\"https:\\\/\\\/solexpert.info\\\/\",\"logo\":{\"@type\":\"ImageObject\",\"inLanguage\":\"es\",\"@id\":\"https:\\\/\\\/solexpert.info\\\/#\\\/schema\\\/logo\\\/image\\\/\",\"url\":\"https:\\\/\\\/solexpert.es\\\/wp-content\\\/uploads\\\/2022\\\/04\\\/logo.png\",\"contentUrl\":\"https:\\\/\\\/solexpert.es\\\/wp-content\\\/uploads\\\/2022\\\/04\\\/logo.png\",\"width\":890,\"height\":500,\"caption\":\"\u25b6 Venta de toldos en L&#039; Escala\"},\"image\":{\"@id\":\"https:\\\/\\\/solexpert.info\\\/#\\\/schema\\\/logo\\\/image\\\/\"}},{\"@type\":\"Person\",\"@id\":\"https:\\\/\\\/solexpert.info\\\/#\\\/schema\\\/person\\\/e7958ef35e46dd8f211e1ecb58f89e63\",\"name\":\"SolExpert\",\"image\":{\"@type\":\"ImageObject\",\"inLanguage\":\"es\",\"@id\":\"https:\\\/\\\/secure.gravatar.com\\\/avatar\\\/aa67c96f91b1b94fa81c43a394ee67ccbe087a212f4a15a2f49020cfb1548dd1?s=96&d=mm&r=g\",\"url\":\"https:\\\/\\\/secure.gravatar.com\\\/avatar\\\/aa67c96f91b1b94fa81c43a394ee67ccbe087a212f4a15a2f49020cfb1548dd1?s=96&d=mm&r=g\",\"contentUrl\":\"https:\\\/\\\/secure.gravatar.com\\\/avatar\\\/aa67c96f91b1b94fa81c43a394ee67ccbe087a212f4a15a2f49020cfb1548dd1?s=96&d=mm&r=g\",\"caption\":\"SolExpert\"},\"sameAs\":[\"https:\\\/\\\/solexpert.info\"]}]}<\/script>\n<!-- \/ Yoast SEO plugin. -->","yoast_head_json":{"title":"Cortinas a medida en la Costa Brava I SolExpert","description":"No importa si tienes una casa en la playa con vistas al mar o una acogedora propiedad en un pueblo pintoresco, unas cortinas a medida","robots":{"index":"index","follow":"follow","max-snippet":"max-snippet:-1","max-image-preview":"max-image-preview:large","max-video-preview":"max-video-preview:-1"},"canonical":"https:\/\/solexpert.es\/es\/cortinas-a-medida-para-tu-segunda-residencia-en-la-costa-brava-dale-vida-a-tu-casa-de-vacaciones\/","og_locale":"es_ES","og_type":"article","og_title":"Cortinas a medida en la Costa Brava I SolExpert","og_description":"No importa si tienes una casa en la playa con vistas al mar o una acogedora propiedad en un pueblo pintoresco, unas cortinas a medida","og_url":"https:\/\/solexpert.es\/es\/cortinas-a-medida-para-tu-segunda-residencia-en-la-costa-brava-dale-vida-a-tu-casa-de-vacaciones\/","og_site_name":"\u25b6 Venta de toldos en L&#039; Escala","article_published_time":"2023-07-20T11:12:53+00:00","article_modified_time":"2023-09-29T12:25:54+00:00","og_image":[{"width":1440,"height":1440,"url":"https:\/\/solexpert.es\/wp-content\/uploads\/2023\/07\/349461083_800715211235756_1697036482103725332_n-1.jpg","type":"image\/jpeg"}],"author":"SolExpert","twitter_card":"summary_large_image","twitter_misc":{"Escrito por":"SolExpert","Tiempo de lectura":"4 minutos"},"schema":{"@context":"https:\/\/schema.org","@graph":[{"@type":"Article","@id":"https:\/\/solexpert.es\/es\/cortinas-a-medida-para-tu-segunda-residencia-en-la-costa-brava-dale-vida-a-tu-casa-de-vacaciones\/#article","isPartOf":{"@id":"https:\/\/solexpert.es\/es\/cortinas-a-medida-para-tu-segunda-residencia-en-la-costa-brava-dale-vida-a-tu-casa-de-vacaciones\/"},"author":{"name":"SolExpert","@id":"https:\/\/solexpert.info\/#\/schema\/person\/e7958ef35e46dd8f211e1ecb58f89e63"},"headline":"Cortinas a medida para tu segunda residencia en la Costa Brava: \u00a1Dale vida a tu casa de vacaciones!","datePublished":"2023-07-20T11:12:53+00:00","dateModified":"2023-09-29T12:25:54+00:00","mainEntityOfPage":{"@id":"https:\/\/solexpert.es\/es\/cortinas-a-medida-para-tu-segunda-residencia-en-la-costa-brava-dale-vida-a-tu-casa-de-vacaciones\/"},"wordCount":621,"publisher":{"@id":"https:\/\/solexpert.info\/#organization"},"image":{"@id":"https:\/\/solexpert.es\/es\/cortinas-a-medida-para-tu-segunda-residencia-en-la-costa-brava-dale-vida-a-tu-casa-de-vacaciones\/#primaryimage"},"thumbnailUrl":"https:\/\/solexpert.es\/wp-content\/uploads\/2023\/07\/349461083_800715211235756_1697036482103725332_n-1.jpg","articleSection":["Sin categorizar"],"inLanguage":"es"},{"@type":"WebPage","@id":"https:\/\/solexpert.es\/es\/cortinas-a-medida-para-tu-segunda-residencia-en-la-costa-brava-dale-vida-a-tu-casa-de-vacaciones\/","url":"https:\/\/solexpert.es\/es\/cortinas-a-medida-para-tu-segunda-residencia-en-la-costa-brava-dale-vida-a-tu-casa-de-vacaciones\/","name":"Cortinas a medida en la Costa Brava I SolExpert","isPartOf":{"@id":"https:\/\/solexpert.info\/#website"},"primaryImageOfPage":{"@id":"https:\/\/solexpert.es\/es\/cortinas-a-medida-para-tu-segunda-residencia-en-la-costa-brava-dale-vida-a-tu-casa-de-vacaciones\/#primaryimage"},"image":{"@id":"https:\/\/solexpert.es\/es\/cortinas-a-medida-para-tu-segunda-residencia-en-la-costa-brava-dale-vida-a-tu-casa-de-vacaciones\/#primaryimage"},"thumbnailUrl":"https:\/\/solexpert.es\/wp-content\/uploads\/2023\/07\/349461083_800715211235756_1697036482103725332_n-1.jpg","datePublished":"2023-07-20T11:12:53+00:00","dateModified":"2023-09-29T12:25:54+00:00","description":"No importa si tienes una casa en la playa con vistas al mar o una acogedora propiedad en un pueblo pintoresco, unas cortinas a medida","breadcrumb":{"@id":"https:\/\/solexpert.es\/es\/cortinas-a-medida-para-tu-segunda-residencia-en-la-costa-brava-dale-vida-a-tu-casa-de-vacaciones\/#breadcrumb"},"inLanguage":"es","potentialAction":[{"@type":"ReadAction","target":["https:\/\/solexpert.es\/es\/cortinas-a-medida-para-tu-segunda-residencia-en-la-costa-brava-dale-vida-a-tu-casa-de-vacaciones\/"]}]},{"@type":"ImageObject","inLanguage":"es","@id":"https:\/\/solexpert.es\/es\/cortinas-a-medida-para-tu-segunda-residencia-en-la-costa-brava-dale-vida-a-tu-casa-de-vacaciones\/#primaryimage","url":"https:\/\/solexpert.es\/wp-content\/uploads\/2023\/07\/349461083_800715211235756_1697036482103725332_n-1.jpg","contentUrl":"https:\/\/solexpert.es\/wp-content\/uploads\/2023\/07\/349461083_800715211235756_1697036482103725332_n-1.jpg","width":1440,"height":1440},{"@type":"BreadcrumbList","@id":"https:\/\/solexpert.es\/es\/cortinas-a-medida-para-tu-segunda-residencia-en-la-costa-brava-dale-vida-a-tu-casa-de-vacaciones\/#breadcrumb","itemListElement":[{"@type":"ListItem","position":1,"name":"Inici","item":"https:\/\/solexpert.es\/es\/"},{"@type":"ListItem","position":2,"name":"Cortinas a medida para tu segunda residencia en la Costa Brava: \u00a1Dale vida a tu casa de vacaciones!"}]},{"@type":"WebSite","@id":"https:\/\/solexpert.info\/#website","url":"https:\/\/solexpert.info\/","name":"\u25b6 Venta de toldos en L&#039; Escala","description":"","publisher":{"@id":"https:\/\/solexpert.info\/#organization"},"potentialAction":[{"@type":"SearchAction","target":{"@type":"EntryPoint","urlTemplate":"https:\/\/solexpert.info\/?s={search_term_string}"},"query-input":{"@type":"PropertyValueSpecification","valueRequired":true,"valueName":"search_term_string"}}],"inLanguage":"es"},{"@type":"Organization","@id":"https:\/\/solexpert.info\/#organization","name":"\u25b6 Venta de toldos en L&#039; Escala","url":"https:\/\/solexpert.info\/","logo":{"@type":"ImageObject","inLanguage":"es","@id":"https:\/\/solexpert.info\/#\/schema\/logo\/image\/","url":"https:\/\/solexpert.es\/wp-content\/uploads\/2022\/04\/logo.png","contentUrl":"https:\/\/solexpert.es\/wp-content\/uploads\/2022\/04\/logo.png","width":890,"height":500,"caption":"\u25b6 Venta de toldos en L&#039; Escala"},"image":{"@id":"https:\/\/solexpert.info\/#\/schema\/logo\/image\/"}},{"@type":"Person","@id":"https:\/\/solexpert.info\/#\/schema\/person\/e7958ef35e46dd8f211e1ecb58f89e63","name":"SolExpert","image":{"@type":"ImageObject","inLanguage":"es","@id":"https:\/\/secure.gravatar.com\/avatar\/aa67c96f91b1b94fa81c43a394ee67ccbe087a212f4a15a2f49020cfb1548dd1?s=96&d=mm&r=g","url":"https:\/\/secure.gravatar.com\/avatar\/aa67c96f91b1b94fa81c43a394ee67ccbe087a212f4a15a2f49020cfb1548dd1?s=96&d=mm&r=g","contentUrl":"https:\/\/secure.gravatar.com\/avatar\/aa67c96f91b1b94fa81c43a394ee67ccbe087a212f4a15a2f49020cfb1548dd1?s=96&d=mm&r=g","caption":"SolExpert"},"sameAs":["https:\/\/solexpert.info"]}]}},"_links":{"self":[{"href":"https:\/\/solexpert.es\/es\/wp-json\/wp\/v2\/posts\/6721","targetHints":{"allow":["GET"]}}],"collection":[{"href":"https:\/\/solexpert.es\/es\/wp-json\/wp\/v2\/posts"}],"about":[{"href":"https:\/\/solexpert.es\/es\/wp-json\/wp\/v2\/types\/post"}],"author":[{"embeddable":true,"href":"https:\/\/solexpert.es\/es\/wp-json\/wp\/v2\/users\/1"}],"replies":[{"embeddable":true,"href":"https:\/\/solexpert.es\/es\/wp-json\/wp\/v2\/comments?post=6721"}],"version-history":[{"count":2,"href":"https:\/\/solexpert.es\/es\/wp-json\/wp\/v2\/posts\/6721\/revisions"}],"predecessor-version":[{"id":6725,"href":"https:\/\/solexpert.es\/es\/wp-json\/wp\/v2\/posts\/6721\/revisions\/6725"}],"wp:featuredmedia":[{"embeddable":true,"href":"https:\/\/solexpert.es\/es\/wp-json\/wp\/v2\/media\/6723"}],"wp:attachment":[{"href":"https:\/\/solexpert.es\/es\/wp-json\/wp\/v2\/media?parent=6721"}],"wp:term":[{"taxonomy":"category","embeddable":true,"href":"https:\/\/solexpert.es\/es\/wp-json\/wp\/v2\/categories?post=6721"},{"taxonomy":"post_tag","embeddable":true,"href":"https:\/\/solexpert.es\/es\/wp-json\/wp\/v2\/tags?post=6721"}],"curies":[{"name":"wp","href":"https:\/\/api.w.org\/{rel}","templated":true}]}}