{"id":6730,"date":"2023-08-16T11:55:18","date_gmt":"2023-08-16T11:55:18","guid":{"rendered":"https:\/\/solexpert.es\/?p=6730"},"modified":"2023-09-29T12:25:48","modified_gmt":"2023-09-29T12:25:48","slug":"cortinas-de-madera-venecianas-en-la-costa-brava","status":"publish","type":"post","link":"https:\/\/solexpert.es\/es\/cortinas-de-madera-venecianas-en-la-costa-brava\/","title":{"rendered":"Cortinas de madera venecianas en la Costa Brava"},"content":{"rendered":"<p class=\"western\" align=\"left\">En la hermosa Costa Brava, donde el sol y el mar se encuentran con paisajes impresionantes, no hay mejor manera de complementar tu hogar o negocio que con exclusivas cortinas venecianas de madera. Estas persianas, adem\u00e1s de aportar un toque de elegancia, ofrecen una serie de beneficios funcionales que hacen que sean la elecci\u00f3n perfecta para proteger tus espacios del sol, la luz y la curiosidad de miradas indiscretas. En este art\u00edculo, exploraremos los diversos beneficios que brindan las Cortinas Venecianas de Madera en la Costa Brava y c\u00f3mo pueden mejorar tu estilo de vida. \u00a1Descubre c\u00f3mo transformar tus ventanas con esta opci\u00f3n cl\u00e1sica y sofisticada!<\/p>\n<p align=\"left\"><img fetchpriority=\"high\" decoding=\"async\" class=\"alignnone  wp-image-6732\" src=\"https:\/\/solexpert.es\/wp-content\/uploads\/2023\/08\/320740783_571038294855345_7496932753977105741_n-300x300.jpg\" alt=\"\" width=\"493\" height=\"493\" srcset=\"https:\/\/solexpert.es\/wp-content\/uploads\/2023\/08\/320740783_571038294855345_7496932753977105741_n-300x300.jpg 300w, https:\/\/solexpert.es\/wp-content\/uploads\/2023\/08\/320740783_571038294855345_7496932753977105741_n-1024x1024.jpg 1024w, https:\/\/solexpert.es\/wp-content\/uploads\/2023\/08\/320740783_571038294855345_7496932753977105741_n-150x150.jpg 150w, https:\/\/solexpert.es\/wp-content\/uploads\/2023\/08\/320740783_571038294855345_7496932753977105741_n-768x768.jpg 768w, https:\/\/solexpert.es\/wp-content\/uploads\/2023\/08\/320740783_571038294855345_7496932753977105741_n.jpg 1440w\" sizes=\"(max-width: 493px) 100vw, 493px\" \/><\/p>\n<h2 class=\"western\" align=\"left\"><em>Beneficios de las Cortinas Venecianas de Madera en la Costa Brava<\/em><\/h2>\n<ol>\n<li>\n<p class=\"western\" align=\"left\"><b>Estilo y Sofisticaci\u00f3n<\/b>: Las Cortinas Venecianas de Madera son conocidas por su elegancia y atemporalidad. Su dise\u00f1o cl\u00e1sico encaja a la perfecci\u00f3n con cualquier estilo de decoraci\u00f3n, ya sea moderno, r\u00fastico o contempor\u00e1neo. Adem\u00e1s, las vetas naturales de la madera le dan a tu espacio un aspecto c\u00e1lido y acogedor, creando una atm\u00f3sfera \u00fanica en cada habitaci\u00f3n.<\/p>\n<\/li>\n<li>\n<p class=\"western\" align=\"left\"><b>Control de la Luz<\/b>: En la Costa Brava, donde el sol brilla intensamente durante gran parte del a\u00f1o, contar con un adecuado control de la luz es esencial. Las Cortinas Venecianas de Madera te permiten regular la cantidad de luz que ingresa a tus espacios, lo que te da la posibilidad de crear ambientes agradables y confortables en cualquier momento del d\u00eda.<\/p>\n<\/li>\n<li>\n<p class=\"western\" align=\"left\"><b>Privacidad y Seguridad<\/b>: Si valoras tu privacidad, las Cortinas Venecianas de Madera son ideales para ti. Puedes ajustar f\u00e1cilmente las lamas para evitar que las miradas indiscretas entren en tu hogar mientras mantienes la luminosidad y la conexi\u00f3n con el exterior. Adem\u00e1s, cuando est\u00e1n completamente cerradas, ofrecen una capa adicional de seguridad, protegiendo tus bienes de posibles robos.<\/p>\n<\/li>\n<li>\n<p class=\"western\" align=\"left\"><b>Aislamiento T\u00e9rmico y Ac\u00fastico<\/b>: La madera es un excelente aislante natural, lo que significa que las Cortinas Venecianas de Madera pueden ayudar a mantener tus espacios frescos durante el verano y c\u00e1lidos durante el invierno. Tambi\u00e9n ayudan a reducir el ruido exterior, lo que es especialmente beneficioso si vives cerca de \u00e1reas concurridas o ruidosas.<\/p>\n<\/li>\n<li>\n<p class=\"western\" align=\"left\"><b>Durabilidad y F\u00e1cil Mantenimiento<\/b>: Las Cortinas Venecianas de Madera est\u00e1n construidas con materiales de alta calidad, lo que las hace duraderas y resistentes al desgaste diario. Adem\u00e1s, su mantenimiento es sencillo; basta con limpiarlas peri\u00f3dicamente con un pa\u00f1o h\u00famedo para mantener su belleza y funcionalidad durante muchos a\u00f1os.<\/p>\n<\/li>\n<\/ol>\n<p><img decoding=\"async\" class=\"alignnone  wp-image-6733\" src=\"https:\/\/solexpert.es\/wp-content\/uploads\/2023\/08\/320681802_945934479708643_3362170744527846282_n-300x300.jpg\" alt=\"\" width=\"452\" height=\"452\" srcset=\"https:\/\/solexpert.es\/wp-content\/uploads\/2023\/08\/320681802_945934479708643_3362170744527846282_n-300x300.jpg 300w, https:\/\/solexpert.es\/wp-content\/uploads\/2023\/08\/320681802_945934479708643_3362170744527846282_n-1024x1024.jpg 1024w, https:\/\/solexpert.es\/wp-content\/uploads\/2023\/08\/320681802_945934479708643_3362170744527846282_n-150x150.jpg 150w, https:\/\/solexpert.es\/wp-content\/uploads\/2023\/08\/320681802_945934479708643_3362170744527846282_n-768x768.jpg 768w, https:\/\/solexpert.es\/wp-content\/uploads\/2023\/08\/320681802_945934479708643_3362170744527846282_n.jpg 1440w\" sizes=\"(max-width: 452px) 100vw, 452px\" \/><\/p>\n<h3 class=\"western\" align=\"left\"><em>Solicta presupuesto sin compromiso<br \/>\n<\/em><\/h3>\n<p class=\"western\" align=\"left\">\u00a1No esperes m\u00e1s para mejorar la est\u00e9tica y la funcionalidad de tus ventanas en la Costa Brava! Si deseas agregar un toque de elegancia y estilo a tus espacios mientras disfrutas de los m\u00faltiples beneficios de las Cortinas Venecianas de Madera, cont\u00e1ctanos ahora mismo. En nuestra tienda de toldos y persianas, contamos con una amplia gama de modelos y acabados que se adaptar\u00e1n perfectamente a tus necesidades y preferencias. Nuestro equipo de expertos estar\u00e1 encantado de asesorarte y ayudarte a encontrar la opci\u00f3n ideal para ti.<\/p>\n<p class=\"western\" align=\"left\">\u00a1Embellece tu hogar con las Cortinas Venecianas de Madera y disfruta de un ambiente m\u00e1s c\u00f3modo y acogedor en la Costa Brava!<\/p>\n","protected":false},"excerpt":{"rendered":"<p>En la hermosa Costa Brava, donde el sol y el mar se encuentran con paisajes impresionantes, no hay mejor manera de complementar tu hogar o negocio que con exclusivas cortinas venecianas de madera. Estas persianas, adem&aacute;s de aportar un toque de elegancia, ofrecen una serie de beneficios funcionales que hacen que sean la elecci&oacute;n perfecta para proteger tus espacios del [&hellip;]<\/p>\n","protected":false},"author":1,"featured_media":6732,"comment_status":"closed","ping_status":"closed","sticky":false,"template":"","format":"standard","meta":{"_joinchat":[],"footnotes":""},"categories":[1],"tags":[],"class_list":["post-6730","post","type-post","status-publish","format-standard","has-post-thumbnail","hentry","category-sin-categorizar"],"yoast_head":"<!-- This site is optimized with the Yoast SEO plugin v27.5 - https:\/\/yoast.com\/product\/yoast-seo-wordpress\/ -->\n<title>Cortinas de madera venecianas en la Costa Brava - \u25b6 Venta de toldos en L&#039; Escala<\/title>\n<meta name=\"description\" content=\"Cortinas de madera venecianas en la Costa Brava.Estas persianas, adem\u00e1s de aportar un toque de elegancia, ofrecen una serie de beneficios\" \/>\n<meta name=\"robots\" content=\"index, follow, max-snippet:-1, max-image-preview:large, max-video-preview:-1\" \/>\n<link rel=\"canonical\" href=\"https:\/\/solexpert.es\/es\/cortinas-de-madera-venecianas-en-la-costa-brava\/\" \/>\n<meta property=\"og:locale\" content=\"es_ES\" \/>\n<meta property=\"og:type\" content=\"article\" \/>\n<meta property=\"og:title\" content=\"Cortinas de madera venecianas en la Costa Brava - \u25b6 Venta de toldos en L&#039; Escala\" \/>\n<meta property=\"og:description\" content=\"Cortinas de madera venecianas en la Costa Brava.Estas persianas, adem\u00e1s de aportar un toque de elegancia, ofrecen una serie de beneficios\" \/>\n<meta property=\"og:url\" content=\"https:\/\/solexpert.es\/es\/cortinas-de-madera-venecianas-en-la-costa-brava\/\" \/>\n<meta property=\"og:site_name\" content=\"\u25b6 Venta de toldos en L&#039; Escala\" \/>\n<meta property=\"article:published_time\" content=\"2023-08-16T11:55:18+00:00\" \/>\n<meta property=\"article:modified_time\" content=\"2023-09-29T12:25:48+00:00\" \/>\n<meta property=\"og:image\" content=\"https:\/\/solexpert.es\/wp-content\/uploads\/2023\/08\/320740783_571038294855345_7496932753977105741_n.jpg\" \/>\n\t<meta property=\"og:image:width\" content=\"1440\" \/>\n\t<meta property=\"og:image:height\" content=\"1440\" \/>\n\t<meta property=\"og:image:type\" content=\"image\/jpeg\" \/>\n<meta name=\"author\" content=\"SolExpert\" \/>\n<meta name=\"twitter:card\" content=\"summary_large_image\" \/>\n<meta name=\"twitter:label1\" content=\"Escrito por\" \/>\n\t<meta name=\"twitter:data1\" content=\"SolExpert\" \/>\n\t<meta name=\"twitter:label2\" content=\"Tiempo de lectura\" \/>\n\t<meta name=\"twitter:data2\" content=\"4 minutos\" \/>\n<script type=\"application\/ld+json\" class=\"yoast-schema-graph\">{\"@context\":\"https:\\\/\\\/schema.org\",\"@graph\":[{\"@type\":\"Article\",\"@id\":\"https:\\\/\\\/solexpert.es\\\/es\\\/cortinas-de-madera-venecianas-en-la-costa-brava\\\/#article\",\"isPartOf\":{\"@id\":\"https:\\\/\\\/solexpert.es\\\/es\\\/cortinas-de-madera-venecianas-en-la-costa-brava\\\/\"},\"author\":{\"name\":\"SolExpert\",\"@id\":\"https:\\\/\\\/solexpert.info\\\/#\\\/schema\\\/person\\\/e7958ef35e46dd8f211e1ecb58f89e63\"},\"headline\":\"Cortinas de madera venecianas en la Costa Brava\",\"datePublished\":\"2023-08-16T11:55:18+00:00\",\"dateModified\":\"2023-09-29T12:25:48+00:00\",\"mainEntityOfPage\":{\"@id\":\"https:\\\/\\\/solexpert.es\\\/es\\\/cortinas-de-madera-venecianas-en-la-costa-brava\\\/\"},\"wordCount\":560,\"publisher\":{\"@id\":\"https:\\\/\\\/solexpert.info\\\/#organization\"},\"image\":{\"@id\":\"https:\\\/\\\/solexpert.es\\\/es\\\/cortinas-de-madera-venecianas-en-la-costa-brava\\\/#primaryimage\"},\"thumbnailUrl\":\"https:\\\/\\\/solexpert.es\\\/wp-content\\\/uploads\\\/2023\\\/08\\\/320740783_571038294855345_7496932753977105741_n.jpg\",\"articleSection\":[\"Sin categorizar\"],\"inLanguage\":\"es\"},{\"@type\":\"WebPage\",\"@id\":\"https:\\\/\\\/solexpert.es\\\/es\\\/cortinas-de-madera-venecianas-en-la-costa-brava\\\/\",\"url\":\"https:\\\/\\\/solexpert.es\\\/es\\\/cortinas-de-madera-venecianas-en-la-costa-brava\\\/\",\"name\":\"Cortinas de madera venecianas en la Costa Brava - \u25b6 Venta de toldos en L&#039; Escala\",\"isPartOf\":{\"@id\":\"https:\\\/\\\/solexpert.info\\\/#website\"},\"primaryImageOfPage\":{\"@id\":\"https:\\\/\\\/solexpert.es\\\/es\\\/cortinas-de-madera-venecianas-en-la-costa-brava\\\/#primaryimage\"},\"image\":{\"@id\":\"https:\\\/\\\/solexpert.es\\\/es\\\/cortinas-de-madera-venecianas-en-la-costa-brava\\\/#primaryimage\"},\"thumbnailUrl\":\"https:\\\/\\\/solexpert.es\\\/wp-content\\\/uploads\\\/2023\\\/08\\\/320740783_571038294855345_7496932753977105741_n.jpg\",\"datePublished\":\"2023-08-16T11:55:18+00:00\",\"dateModified\":\"2023-09-29T12:25:48+00:00\",\"description\":\"Cortinas de madera venecianas en la Costa Brava.Estas persianas, adem\u00e1s de aportar un toque de elegancia, ofrecen una serie de beneficios\",\"breadcrumb\":{\"@id\":\"https:\\\/\\\/solexpert.es\\\/es\\\/cortinas-de-madera-venecianas-en-la-costa-brava\\\/#breadcrumb\"},\"inLanguage\":\"es\",\"potentialAction\":[{\"@type\":\"ReadAction\",\"target\":[\"https:\\\/\\\/solexpert.es\\\/es\\\/cortinas-de-madera-venecianas-en-la-costa-brava\\\/\"]}]},{\"@type\":\"ImageObject\",\"inLanguage\":\"es\",\"@id\":\"https:\\\/\\\/solexpert.es\\\/es\\\/cortinas-de-madera-venecianas-en-la-costa-brava\\\/#primaryimage\",\"url\":\"https:\\\/\\\/solexpert.es\\\/wp-content\\\/uploads\\\/2023\\\/08\\\/320740783_571038294855345_7496932753977105741_n.jpg\",\"contentUrl\":\"https:\\\/\\\/solexpert.es\\\/wp-content\\\/uploads\\\/2023\\\/08\\\/320740783_571038294855345_7496932753977105741_n.jpg\",\"width\":1440,\"height\":1440},{\"@type\":\"BreadcrumbList\",\"@id\":\"https:\\\/\\\/solexpert.es\\\/es\\\/cortinas-de-madera-venecianas-en-la-costa-brava\\\/#breadcrumb\",\"itemListElement\":[{\"@type\":\"ListItem\",\"position\":1,\"name\":\"Inici\",\"item\":\"https:\\\/\\\/solexpert.es\\\/es\\\/\"},{\"@type\":\"ListItem\",\"position\":2,\"name\":\"Cortinas de madera venecianas en la Costa Brava\"}]},{\"@type\":\"WebSite\",\"@id\":\"https:\\\/\\\/solexpert.info\\\/#website\",\"url\":\"https:\\\/\\\/solexpert.info\\\/\",\"name\":\"\u25b6 Venta de toldos en L&#039; Escala\",\"description\":\"\",\"publisher\":{\"@id\":\"https:\\\/\\\/solexpert.info\\\/#organization\"},\"potentialAction\":[{\"@type\":\"SearchAction\",\"target\":{\"@type\":\"EntryPoint\",\"urlTemplate\":\"https:\\\/\\\/solexpert.info\\\/?s={search_term_string}\"},\"query-input\":{\"@type\":\"PropertyValueSpecification\",\"valueRequired\":true,\"valueName\":\"search_term_string\"}}],\"inLanguage\":\"es\"},{\"@type\":\"Organization\",\"@id\":\"https:\\\/\\\/solexpert.info\\\/#organization\",\"name\":\"\u25b6 Venta de toldos en L&#039; Escala\",\"url\":\"https:\\\/\\\/solexpert.info\\\/\",\"logo\":{\"@type\":\"ImageObject\",\"inLanguage\":\"es\",\"@id\":\"https:\\\/\\\/solexpert.info\\\/#\\\/schema\\\/logo\\\/image\\\/\",\"url\":\"https:\\\/\\\/solexpert.es\\\/wp-content\\\/uploads\\\/2022\\\/04\\\/logo.png\",\"contentUrl\":\"https:\\\/\\\/solexpert.es\\\/wp-content\\\/uploads\\\/2022\\\/04\\\/logo.png\",\"width\":890,\"height\":500,\"caption\":\"\u25b6 Venta de toldos en L&#039; Escala\"},\"image\":{\"@id\":\"https:\\\/\\\/solexpert.info\\\/#\\\/schema\\\/logo\\\/image\\\/\"}},{\"@type\":\"Person\",\"@id\":\"https:\\\/\\\/solexpert.info\\\/#\\\/schema\\\/person\\\/e7958ef35e46dd8f211e1ecb58f89e63\",\"name\":\"SolExpert\",\"image\":{\"@type\":\"ImageObject\",\"inLanguage\":\"es\",\"@id\":\"https:\\\/\\\/secure.gravatar.com\\\/avatar\\\/aa67c96f91b1b94fa81c43a394ee67ccbe087a212f4a15a2f49020cfb1548dd1?s=96&d=mm&r=g\",\"url\":\"https:\\\/\\\/secure.gravatar.com\\\/avatar\\\/aa67c96f91b1b94fa81c43a394ee67ccbe087a212f4a15a2f49020cfb1548dd1?s=96&d=mm&r=g\",\"contentUrl\":\"https:\\\/\\\/secure.gravatar.com\\\/avatar\\\/aa67c96f91b1b94fa81c43a394ee67ccbe087a212f4a15a2f49020cfb1548dd1?s=96&d=mm&r=g\",\"caption\":\"SolExpert\"},\"sameAs\":[\"https:\\\/\\\/solexpert.info\"]}]}<\/script>\n<!-- \/ Yoast SEO plugin. -->","yoast_head_json":{"title":"Cortinas de madera venecianas en la Costa Brava - \u25b6 Venta de toldos en L&#039; Escala","description":"Cortinas de madera venecianas en la Costa Brava.Estas persianas, adem\u00e1s de aportar un toque de elegancia, ofrecen una serie de beneficios","robots":{"index":"index","follow":"follow","max-snippet":"max-snippet:-1","max-image-preview":"max-image-preview:large","max-video-preview":"max-video-preview:-1"},"canonical":"https:\/\/solexpert.es\/es\/cortinas-de-madera-venecianas-en-la-costa-brava\/","og_locale":"es_ES","og_type":"article","og_title":"Cortinas de madera venecianas en la Costa Brava - \u25b6 Venta de toldos en L&#039; Escala","og_description":"Cortinas de madera venecianas en la Costa Brava.Estas persianas, adem\u00e1s de aportar un toque de elegancia, ofrecen una serie de beneficios","og_url":"https:\/\/solexpert.es\/es\/cortinas-de-madera-venecianas-en-la-costa-brava\/","og_site_name":"\u25b6 Venta de toldos en L&#039; Escala","article_published_time":"2023-08-16T11:55:18+00:00","article_modified_time":"2023-09-29T12:25:48+00:00","og_image":[{"width":1440,"height":1440,"url":"https:\/\/solexpert.es\/wp-content\/uploads\/2023\/08\/320740783_571038294855345_7496932753977105741_n.jpg","type":"image\/jpeg"}],"author":"SolExpert","twitter_card":"summary_large_image","twitter_misc":{"Escrito por":"SolExpert","Tiempo de lectura":"4 minutos"},"schema":{"@context":"https:\/\/schema.org","@graph":[{"@type":"Article","@id":"https:\/\/solexpert.es\/es\/cortinas-de-madera-venecianas-en-la-costa-brava\/#article","isPartOf":{"@id":"https:\/\/solexpert.es\/es\/cortinas-de-madera-venecianas-en-la-costa-brava\/"},"author":{"name":"SolExpert","@id":"https:\/\/solexpert.info\/#\/schema\/person\/e7958ef35e46dd8f211e1ecb58f89e63"},"headline":"Cortinas de madera venecianas en la Costa Brava","datePublished":"2023-08-16T11:55:18+00:00","dateModified":"2023-09-29T12:25:48+00:00","mainEntityOfPage":{"@id":"https:\/\/solexpert.es\/es\/cortinas-de-madera-venecianas-en-la-costa-brava\/"},"wordCount":560,"publisher":{"@id":"https:\/\/solexpert.info\/#organization"},"image":{"@id":"https:\/\/solexpert.es\/es\/cortinas-de-madera-venecianas-en-la-costa-brava\/#primaryimage"},"thumbnailUrl":"https:\/\/solexpert.es\/wp-content\/uploads\/2023\/08\/320740783_571038294855345_7496932753977105741_n.jpg","articleSection":["Sin categorizar"],"inLanguage":"es"},{"@type":"WebPage","@id":"https:\/\/solexpert.es\/es\/cortinas-de-madera-venecianas-en-la-costa-brava\/","url":"https:\/\/solexpert.es\/es\/cortinas-de-madera-venecianas-en-la-costa-brava\/","name":"Cortinas de madera venecianas en la Costa Brava - \u25b6 Venta de toldos en L&#039; Escala","isPartOf":{"@id":"https:\/\/solexpert.info\/#website"},"primaryImageOfPage":{"@id":"https:\/\/solexpert.es\/es\/cortinas-de-madera-venecianas-en-la-costa-brava\/#primaryimage"},"image":{"@id":"https:\/\/solexpert.es\/es\/cortinas-de-madera-venecianas-en-la-costa-brava\/#primaryimage"},"thumbnailUrl":"https:\/\/solexpert.es\/wp-content\/uploads\/2023\/08\/320740783_571038294855345_7496932753977105741_n.jpg","datePublished":"2023-08-16T11:55:18+00:00","dateModified":"2023-09-29T12:25:48+00:00","description":"Cortinas de madera venecianas en la Costa Brava.Estas persianas, adem\u00e1s de aportar un toque de elegancia, ofrecen una serie de beneficios","breadcrumb":{"@id":"https:\/\/solexpert.es\/es\/cortinas-de-madera-venecianas-en-la-costa-brava\/#breadcrumb"},"inLanguage":"es","potentialAction":[{"@type":"ReadAction","target":["https:\/\/solexpert.es\/es\/cortinas-de-madera-venecianas-en-la-costa-brava\/"]}]},{"@type":"ImageObject","inLanguage":"es","@id":"https:\/\/solexpert.es\/es\/cortinas-de-madera-venecianas-en-la-costa-brava\/#primaryimage","url":"https:\/\/solexpert.es\/wp-content\/uploads\/2023\/08\/320740783_571038294855345_7496932753977105741_n.jpg","contentUrl":"https:\/\/solexpert.es\/wp-content\/uploads\/2023\/08\/320740783_571038294855345_7496932753977105741_n.jpg","width":1440,"height":1440},{"@type":"BreadcrumbList","@id":"https:\/\/solexpert.es\/es\/cortinas-de-madera-venecianas-en-la-costa-brava\/#breadcrumb","itemListElement":[{"@type":"ListItem","position":1,"name":"Inici","item":"https:\/\/solexpert.es\/es\/"},{"@type":"ListItem","position":2,"name":"Cortinas de madera venecianas en la Costa Brava"}]},{"@type":"WebSite","@id":"https:\/\/solexpert.info\/#website","url":"https:\/\/solexpert.info\/","name":"\u25b6 Venta de toldos en L&#039; Escala","description":"","publisher":{"@id":"https:\/\/solexpert.info\/#organization"},"potentialAction":[{"@type":"SearchAction","target":{"@type":"EntryPoint","urlTemplate":"https:\/\/solexpert.info\/?s={search_term_string}"},"query-input":{"@type":"PropertyValueSpecification","valueRequired":true,"valueName":"search_term_string"}}],"inLanguage":"es"},{"@type":"Organization","@id":"https:\/\/solexpert.info\/#organization","name":"\u25b6 Venta de toldos en L&#039; Escala","url":"https:\/\/solexpert.info\/","logo":{"@type":"ImageObject","inLanguage":"es","@id":"https:\/\/solexpert.info\/#\/schema\/logo\/image\/","url":"https:\/\/solexpert.es\/wp-content\/uploads\/2022\/04\/logo.png","contentUrl":"https:\/\/solexpert.es\/wp-content\/uploads\/2022\/04\/logo.png","width":890,"height":500,"caption":"\u25b6 Venta de toldos en L&#039; Escala"},"image":{"@id":"https:\/\/solexpert.info\/#\/schema\/logo\/image\/"}},{"@type":"Person","@id":"https:\/\/solexpert.info\/#\/schema\/person\/e7958ef35e46dd8f211e1ecb58f89e63","name":"SolExpert","image":{"@type":"ImageObject","inLanguage":"es","@id":"https:\/\/secure.gravatar.com\/avatar\/aa67c96f91b1b94fa81c43a394ee67ccbe087a212f4a15a2f49020cfb1548dd1?s=96&d=mm&r=g","url":"https:\/\/secure.gravatar.com\/avatar\/aa67c96f91b1b94fa81c43a394ee67ccbe087a212f4a15a2f49020cfb1548dd1?s=96&d=mm&r=g","contentUrl":"https:\/\/secure.gravatar.com\/avatar\/aa67c96f91b1b94fa81c43a394ee67ccbe087a212f4a15a2f49020cfb1548dd1?s=96&d=mm&r=g","caption":"SolExpert"},"sameAs":["https:\/\/solexpert.info"]}]}},"_links":{"self":[{"href":"https:\/\/solexpert.es\/es\/wp-json\/wp\/v2\/posts\/6730","targetHints":{"allow":["GET"]}}],"collection":[{"href":"https:\/\/solexpert.es\/es\/wp-json\/wp\/v2\/posts"}],"about":[{"href":"https:\/\/solexpert.es\/es\/wp-json\/wp\/v2\/types\/post"}],"author":[{"embeddable":true,"href":"https:\/\/solexpert.es\/es\/wp-json\/wp\/v2\/users\/1"}],"replies":[{"embeddable":true,"href":"https:\/\/solexpert.es\/es\/wp-json\/wp\/v2\/comments?post=6730"}],"version-history":[{"count":2,"href":"https:\/\/solexpert.es\/es\/wp-json\/wp\/v2\/posts\/6730\/revisions"}],"predecessor-version":[{"id":6734,"href":"https:\/\/solexpert.es\/es\/wp-json\/wp\/v2\/posts\/6730\/revisions\/6734"}],"wp:featuredmedia":[{"embeddable":true,"href":"https:\/\/solexpert.es\/es\/wp-json\/wp\/v2\/media\/6732"}],"wp:attachment":[{"href":"https:\/\/solexpert.es\/es\/wp-json\/wp\/v2\/media?parent=6730"}],"wp:term":[{"taxonomy":"category","embeddable":true,"href":"https:\/\/solexpert.es\/es\/wp-json\/wp\/v2\/categories?post=6730"},{"taxonomy":"post_tag","embeddable":true,"href":"https:\/\/solexpert.es\/es\/wp-json\/wp\/v2\/tags?post=6730"}],"curies":[{"name":"wp","href":"https:\/\/api.w.org\/{rel}","templated":true}]}}