{"id":6781,"date":"2023-12-13T14:43:56","date_gmt":"2023-12-13T14:43:56","guid":{"rendered":"https:\/\/solexpert.es\/?p=6781"},"modified":"2024-03-25T10:00:08","modified_gmt":"2024-03-25T10:00:08","slug":"cortinas-plisadas-termicas-en-la-escala","status":"publish","type":"post","link":"https:\/\/solexpert.es\/es\/cortinas-plisadas-termicas-en-la-escala\/","title":{"rendered":"Cortinas plisadas t\u00e9rmicas en la Escala"},"content":{"rendered":"<h2>Beneficios de nuestras cortinas plisadas<\/h2>\n<p>Las cortinas plisadas t\u00e9rmicas, tambi\u00e9n conocidas como cortinas aislantes, son la elecci\u00f3n perfecta para aquellos que buscan regular el intercambio de calor en su casa. Estas cortinas no s\u00f3lo a\u00f1aden un toque elegante a la decoraci\u00f3n, sino que tambi\u00e9n desempe\u00f1an un papel fundamental en la creaci\u00f3n de un ambiente confortable en cualquier clima.<\/p>\n<p>El secreto detr\u00e1s de su eficacia radica en la capacidad para <strong>controlar la temperatura<\/strong> al evitar el intercambio t\u00e9rmico entre el interior y el exterior de la vivienda. Este beneficio no s\u00f3lo contribuye al bienestar de los habitantes, sino que tambi\u00e9n se traduce en <strong> ahorros significativos en la factura de la luz <\/strong>.<\/p>\n<p>Las propiedades t\u00e9rmicas de estas cortinas permiten retener o disipar el calor seg\u00fan las necesidades estacionales. Durante los meses fr\u00edos, act\u00faan como una barrera que evita que el calor escape, manteniendo el ambiente c\u00e1lido y acogedor en el interior. Por otra parte, en \u00e9pocas de calor, ayudan a bloquear los rayos del sol, impidiendo que el calor exterior penetre, lo que resulta en un ambiente fresco y agradable.<\/p>\n<p>Esta capacidad de regular la temperatura no s\u00f3lo proporciona comodidad, sino que tambi\u00e9n contribuye a la <strong>eficiencia energ\u00e9tica<\/strong> de la vivienda. Al mantener una temperatura adecuada a la estancia, se reduce la necesidad de utilizar sistemas de calefacci\u00f3n o aire acondicionado de forma excesiva, lo que se traduce en un menor consumo de energ\u00eda y, por tanto, en un menor impacto ambiental.<\/p>\n<p><img fetchpriority=\"high\" decoding=\"async\" class=\"alignnone  wp-image-6782\" src=\"https:\/\/solexpert.es\/wp-content\/uploads\/2023\/12\/398139071_18007134968096200_6956780453979020252_n-1-e1702478568455-300x188.jpg\" alt=\"\" width=\"388\" height=\"243\" srcset=\"https:\/\/solexpert.es\/wp-content\/uploads\/2023\/12\/398139071_18007134968096200_6956780453979020252_n-1-e1702478568455-300x188.jpg 300w, https:\/\/solexpert.es\/wp-content\/uploads\/2023\/12\/398139071_18007134968096200_6956780453979020252_n-1-e1702478568455-1024x643.jpg 1024w, https:\/\/solexpert.es\/wp-content\/uploads\/2023\/12\/398139071_18007134968096200_6956780453979020252_n-1-e1702478568455-768x482.jpg 768w, https:\/\/solexpert.es\/wp-content\/uploads\/2023\/12\/398139071_18007134968096200_6956780453979020252_n-1-e1702478568455.jpg 1440w\" sizes=\"(max-width: 388px) 100vw, 388px\" \/><\/p>\n<p>\u00a0<\/p>\n<p>Adem\u00e1s de los beneficios pr\u00e1cticos, las <strong>cortinas plisadas t\u00e9rmicas<\/strong> ofrecen una amplia gama de opciones est\u00e9ticas. Disponibles en varios colores, texturas y estilos, estas cortinas se adaptan a cualquier decoraci\u00f3n, permitiendo a los propietarios personalizar su espacio sin comprometer la eficiencia t\u00e9rmica.<\/p>\n<h2 class=\"LC20lb MBeuO DKV0Md\">Cortinas Plisadas \u25b7 Espacios elegantes y funcionales en la Costa Brava<\/h2>\n<p>En resumen, invertir en cortinas plisadas t\u00e9rmicas es una decisi\u00f3n inteligente para aquellos que buscan mejorar la comodidad y eficiencia de su casa. Estas cortinas no s\u00f3lo son funcionales al regular la temperatura, sino que tambi\u00e9n a\u00f1aden un toque estilizado a cualquier espacio. Con sus propiedades aislantes, las cortinas plisadas t\u00e9rmicas demuestran que el confort y el ahorro energ\u00e9tico pueden ir de la mano al hogar moderno.<\/p>\n<p><img decoding=\"async\" class=\"alignnone  wp-image-6783\" src=\"https:\/\/solexpert.es\/wp-content\/uploads\/2023\/12\/398142484_18007134977096200_4209228128148508333_n-1-e1702478623306-300x189.jpg\" alt=\"\" width=\"398\" height=\"251\" srcset=\"https:\/\/solexpert.es\/wp-content\/uploads\/2023\/12\/398142484_18007134977096200_4209228128148508333_n-1-e1702478623306-300x189.jpg 300w, https:\/\/solexpert.es\/wp-content\/uploads\/2023\/12\/398142484_18007134977096200_4209228128148508333_n-1-e1702478623306-1024x645.jpg 1024w, https:\/\/solexpert.es\/wp-content\/uploads\/2023\/12\/398142484_18007134977096200_4209228128148508333_n-1-e1702478623306-768x484.jpg 768w, https:\/\/solexpert.es\/wp-content\/uploads\/2023\/12\/398142484_18007134977096200_4209228128148508333_n-1-e1702478623306.jpg 1440w\" sizes=\"(max-width: 398px) 100vw, 398px\" \/><\/p>\n<p>Si buscas la mejor calidad para tus cortinas, <span style=\"color: #800000;\"><strong> no dudes en visitar nuestro establecimiento Solexpert en L\u2019Escala<\/strong><\/span>. Descubre la variedad de estilos y colores que tenemos para ofrecer, y trae a tu casa el confort y la eficiencia que mereces. \u00a1Haz de las cortinas una declaraci\u00f3n de estilo y funcionalidad!<\/p>\n","protected":false},"excerpt":{"rendered":"<p>Beneficios de nuestras cortinas plisadas Las cortinas plisadas t&eacute;rmicas, tambi&eacute;n conocidas como cortinas aislantes, son la elecci&oacute;n perfecta para aquellos que buscan regular el intercambio de calor en su casa. Estas cortinas no s&oacute;lo a&ntilde;aden un toque elegante a la decoraci&oacute;n, sino que tambi&eacute;n desempe&ntilde;an un papel fundamental en la creaci&oacute;n de un ambiente confortable en cualquier clima. El secreto [&hellip;]<\/p>\n","protected":false},"author":1,"featured_media":6782,"comment_status":"closed","ping_status":"closed","sticky":false,"template":"","format":"standard","meta":{"_joinchat":[],"footnotes":""},"categories":[1],"tags":[],"class_list":["post-6781","post","type-post","status-publish","format-standard","has-post-thumbnail","hentry","category-sin-categorizar"],"yoast_head":"<!-- This site is optimized with the Yoast SEO plugin v27.5 - https:\/\/yoast.com\/product\/yoast-seo-wordpress\/ -->\n<title>Cortinas plisadas t\u00e9rmicas en la Escala - Telf 97 277 22 19<\/title>\n<meta name=\"description\" content=\"Cortinas plisadas t\u00e9rmicas.Cortinas plisadas t\u00e9rmicas: La llave para un hogar confortable y eficiente. Estamos en la Escala\" \/>\n<meta name=\"robots\" content=\"index, follow, max-snippet:-1, max-image-preview:large, max-video-preview:-1\" \/>\n<link rel=\"canonical\" href=\"https:\/\/solexpert.es\/es\/cortinas-plisadas-termicas-en-la-escala\/\" \/>\n<meta property=\"og:locale\" content=\"es_ES\" \/>\n<meta property=\"og:type\" content=\"article\" \/>\n<meta property=\"og:title\" content=\"Cortinas plisadas t\u00e9rmicas en la Escala - Telf 97 277 22 19\" \/>\n<meta property=\"og:description\" content=\"Cortinas plisadas t\u00e9rmicas.Cortinas plisadas t\u00e9rmicas: La llave para un hogar confortable y eficiente. Estamos en la Escala\" \/>\n<meta property=\"og:url\" content=\"https:\/\/solexpert.es\/es\/cortinas-plisadas-termicas-en-la-escala\/\" \/>\n<meta property=\"og:site_name\" content=\"\u25b6 Venta de toldos en L&#039; Escala\" \/>\n<meta property=\"article:published_time\" content=\"2023-12-13T14:43:56+00:00\" \/>\n<meta property=\"article:modified_time\" content=\"2024-03-25T10:00:08+00:00\" \/>\n<meta property=\"og:image\" content=\"https:\/\/solexpert.es\/wp-content\/uploads\/2023\/12\/398139071_18007134968096200_6956780453979020252_n-1-e1702478568455.jpg\" \/>\n\t<meta property=\"og:image:width\" content=\"1440\" \/>\n\t<meta property=\"og:image:height\" content=\"904\" \/>\n\t<meta property=\"og:image:type\" content=\"image\/jpeg\" \/>\n<meta name=\"author\" content=\"SolExpert\" \/>\n<meta name=\"twitter:card\" content=\"summary_large_image\" \/>\n<meta name=\"twitter:label1\" content=\"Escrito por\" \/>\n\t<meta name=\"twitter:data1\" content=\"SolExpert\" \/>\n\t<meta name=\"twitter:label2\" content=\"Tiempo de lectura\" \/>\n\t<meta name=\"twitter:data2\" content=\"3 minutos\" \/>\n<script type=\"application\/ld+json\" class=\"yoast-schema-graph\">{\"@context\":\"https:\\\/\\\/schema.org\",\"@graph\":[{\"@type\":\"Article\",\"@id\":\"https:\\\/\\\/solexpert.es\\\/es\\\/cortinas-plisadas-termicas-en-la-escala\\\/#article\",\"isPartOf\":{\"@id\":\"https:\\\/\\\/solexpert.es\\\/es\\\/cortinas-plisadas-termicas-en-la-escala\\\/\"},\"author\":{\"name\":\"SolExpert\",\"@id\":\"https:\\\/\\\/solexpert.info\\\/#\\\/schema\\\/person\\\/e7958ef35e46dd8f211e1ecb58f89e63\"},\"headline\":\"Cortinas plisadas t\u00e9rmicas en la Escala\",\"datePublished\":\"2023-12-13T14:43:56+00:00\",\"dateModified\":\"2024-03-25T10:00:08+00:00\",\"mainEntityOfPage\":{\"@id\":\"https:\\\/\\\/solexpert.es\\\/es\\\/cortinas-plisadas-termicas-en-la-escala\\\/\"},\"wordCount\":455,\"publisher\":{\"@id\":\"https:\\\/\\\/solexpert.info\\\/#organization\"},\"image\":{\"@id\":\"https:\\\/\\\/solexpert.es\\\/es\\\/cortinas-plisadas-termicas-en-la-escala\\\/#primaryimage\"},\"thumbnailUrl\":\"https:\\\/\\\/solexpert.es\\\/wp-content\\\/uploads\\\/2023\\\/12\\\/398139071_18007134968096200_6956780453979020252_n-1-e1702478568455.jpg\",\"articleSection\":[\"Sin categorizar\"],\"inLanguage\":\"es\"},{\"@type\":\"WebPage\",\"@id\":\"https:\\\/\\\/solexpert.es\\\/es\\\/cortinas-plisadas-termicas-en-la-escala\\\/\",\"url\":\"https:\\\/\\\/solexpert.es\\\/es\\\/cortinas-plisadas-termicas-en-la-escala\\\/\",\"name\":\"Cortinas plisadas t\u00e9rmicas en la Escala - Telf 97 277 22 19\",\"isPartOf\":{\"@id\":\"https:\\\/\\\/solexpert.info\\\/#website\"},\"primaryImageOfPage\":{\"@id\":\"https:\\\/\\\/solexpert.es\\\/es\\\/cortinas-plisadas-termicas-en-la-escala\\\/#primaryimage\"},\"image\":{\"@id\":\"https:\\\/\\\/solexpert.es\\\/es\\\/cortinas-plisadas-termicas-en-la-escala\\\/#primaryimage\"},\"thumbnailUrl\":\"https:\\\/\\\/solexpert.es\\\/wp-content\\\/uploads\\\/2023\\\/12\\\/398139071_18007134968096200_6956780453979020252_n-1-e1702478568455.jpg\",\"datePublished\":\"2023-12-13T14:43:56+00:00\",\"dateModified\":\"2024-03-25T10:00:08+00:00\",\"description\":\"Cortinas plisadas t\u00e9rmicas.Cortinas plisadas t\u00e9rmicas: La llave para un hogar confortable y eficiente. Estamos en la Escala\",\"breadcrumb\":{\"@id\":\"https:\\\/\\\/solexpert.es\\\/es\\\/cortinas-plisadas-termicas-en-la-escala\\\/#breadcrumb\"},\"inLanguage\":\"es\",\"potentialAction\":[{\"@type\":\"ReadAction\",\"target\":[\"https:\\\/\\\/solexpert.es\\\/es\\\/cortinas-plisadas-termicas-en-la-escala\\\/\"]}]},{\"@type\":\"ImageObject\",\"inLanguage\":\"es\",\"@id\":\"https:\\\/\\\/solexpert.es\\\/es\\\/cortinas-plisadas-termicas-en-la-escala\\\/#primaryimage\",\"url\":\"https:\\\/\\\/solexpert.es\\\/wp-content\\\/uploads\\\/2023\\\/12\\\/398139071_18007134968096200_6956780453979020252_n-1-e1702478568455.jpg\",\"contentUrl\":\"https:\\\/\\\/solexpert.es\\\/wp-content\\\/uploads\\\/2023\\\/12\\\/398139071_18007134968096200_6956780453979020252_n-1-e1702478568455.jpg\",\"width\":1440,\"height\":904},{\"@type\":\"BreadcrumbList\",\"@id\":\"https:\\\/\\\/solexpert.es\\\/es\\\/cortinas-plisadas-termicas-en-la-escala\\\/#breadcrumb\",\"itemListElement\":[{\"@type\":\"ListItem\",\"position\":1,\"name\":\"Inici\",\"item\":\"https:\\\/\\\/solexpert.es\\\/es\\\/\"},{\"@type\":\"ListItem\",\"position\":2,\"name\":\"Cortinas plisadas t\u00e9rmicas en la Escala\"}]},{\"@type\":\"WebSite\",\"@id\":\"https:\\\/\\\/solexpert.info\\\/#website\",\"url\":\"https:\\\/\\\/solexpert.info\\\/\",\"name\":\"\u25b6 Venta de toldos en L&#039; Escala\",\"description\":\"\",\"publisher\":{\"@id\":\"https:\\\/\\\/solexpert.info\\\/#organization\"},\"potentialAction\":[{\"@type\":\"SearchAction\",\"target\":{\"@type\":\"EntryPoint\",\"urlTemplate\":\"https:\\\/\\\/solexpert.info\\\/?s={search_term_string}\"},\"query-input\":{\"@type\":\"PropertyValueSpecification\",\"valueRequired\":true,\"valueName\":\"search_term_string\"}}],\"inLanguage\":\"es\"},{\"@type\":\"Organization\",\"@id\":\"https:\\\/\\\/solexpert.info\\\/#organization\",\"name\":\"\u25b6 Venta de toldos en L&#039; Escala\",\"url\":\"https:\\\/\\\/solexpert.info\\\/\",\"logo\":{\"@type\":\"ImageObject\",\"inLanguage\":\"es\",\"@id\":\"https:\\\/\\\/solexpert.info\\\/#\\\/schema\\\/logo\\\/image\\\/\",\"url\":\"https:\\\/\\\/solexpert.es\\\/wp-content\\\/uploads\\\/2022\\\/04\\\/logo.png\",\"contentUrl\":\"https:\\\/\\\/solexpert.es\\\/wp-content\\\/uploads\\\/2022\\\/04\\\/logo.png\",\"width\":890,\"height\":500,\"caption\":\"\u25b6 Venta de toldos en L&#039; Escala\"},\"image\":{\"@id\":\"https:\\\/\\\/solexpert.info\\\/#\\\/schema\\\/logo\\\/image\\\/\"}},{\"@type\":\"Person\",\"@id\":\"https:\\\/\\\/solexpert.info\\\/#\\\/schema\\\/person\\\/e7958ef35e46dd8f211e1ecb58f89e63\",\"name\":\"SolExpert\",\"image\":{\"@type\":\"ImageObject\",\"inLanguage\":\"es\",\"@id\":\"https:\\\/\\\/secure.gravatar.com\\\/avatar\\\/aa67c96f91b1b94fa81c43a394ee67ccbe087a212f4a15a2f49020cfb1548dd1?s=96&d=mm&r=g\",\"url\":\"https:\\\/\\\/secure.gravatar.com\\\/avatar\\\/aa67c96f91b1b94fa81c43a394ee67ccbe087a212f4a15a2f49020cfb1548dd1?s=96&d=mm&r=g\",\"contentUrl\":\"https:\\\/\\\/secure.gravatar.com\\\/avatar\\\/aa67c96f91b1b94fa81c43a394ee67ccbe087a212f4a15a2f49020cfb1548dd1?s=96&d=mm&r=g\",\"caption\":\"SolExpert\"},\"sameAs\":[\"https:\\\/\\\/solexpert.info\"]}]}<\/script>\n<!-- \/ Yoast SEO plugin. -->","yoast_head_json":{"title":"Cortinas plisadas t\u00e9rmicas en la Escala - Telf 97 277 22 19","description":"Cortinas plisadas t\u00e9rmicas.Cortinas plisadas t\u00e9rmicas: La llave para un hogar confortable y eficiente. Estamos en la Escala","robots":{"index":"index","follow":"follow","max-snippet":"max-snippet:-1","max-image-preview":"max-image-preview:large","max-video-preview":"max-video-preview:-1"},"canonical":"https:\/\/solexpert.es\/es\/cortinas-plisadas-termicas-en-la-escala\/","og_locale":"es_ES","og_type":"article","og_title":"Cortinas plisadas t\u00e9rmicas en la Escala - Telf 97 277 22 19","og_description":"Cortinas plisadas t\u00e9rmicas.Cortinas plisadas t\u00e9rmicas: La llave para un hogar confortable y eficiente. Estamos en la Escala","og_url":"https:\/\/solexpert.es\/es\/cortinas-plisadas-termicas-en-la-escala\/","og_site_name":"\u25b6 Venta de toldos en L&#039; Escala","article_published_time":"2023-12-13T14:43:56+00:00","article_modified_time":"2024-03-25T10:00:08+00:00","og_image":[{"width":1440,"height":904,"url":"https:\/\/solexpert.es\/wp-content\/uploads\/2023\/12\/398139071_18007134968096200_6956780453979020252_n-1-e1702478568455.jpg","type":"image\/jpeg"}],"author":"SolExpert","twitter_card":"summary_large_image","twitter_misc":{"Escrito por":"SolExpert","Tiempo de lectura":"3 minutos"},"schema":{"@context":"https:\/\/schema.org","@graph":[{"@type":"Article","@id":"https:\/\/solexpert.es\/es\/cortinas-plisadas-termicas-en-la-escala\/#article","isPartOf":{"@id":"https:\/\/solexpert.es\/es\/cortinas-plisadas-termicas-en-la-escala\/"},"author":{"name":"SolExpert","@id":"https:\/\/solexpert.info\/#\/schema\/person\/e7958ef35e46dd8f211e1ecb58f89e63"},"headline":"Cortinas plisadas t\u00e9rmicas en la Escala","datePublished":"2023-12-13T14:43:56+00:00","dateModified":"2024-03-25T10:00:08+00:00","mainEntityOfPage":{"@id":"https:\/\/solexpert.es\/es\/cortinas-plisadas-termicas-en-la-escala\/"},"wordCount":455,"publisher":{"@id":"https:\/\/solexpert.info\/#organization"},"image":{"@id":"https:\/\/solexpert.es\/es\/cortinas-plisadas-termicas-en-la-escala\/#primaryimage"},"thumbnailUrl":"https:\/\/solexpert.es\/wp-content\/uploads\/2023\/12\/398139071_18007134968096200_6956780453979020252_n-1-e1702478568455.jpg","articleSection":["Sin categorizar"],"inLanguage":"es"},{"@type":"WebPage","@id":"https:\/\/solexpert.es\/es\/cortinas-plisadas-termicas-en-la-escala\/","url":"https:\/\/solexpert.es\/es\/cortinas-plisadas-termicas-en-la-escala\/","name":"Cortinas plisadas t\u00e9rmicas en la Escala - Telf 97 277 22 19","isPartOf":{"@id":"https:\/\/solexpert.info\/#website"},"primaryImageOfPage":{"@id":"https:\/\/solexpert.es\/es\/cortinas-plisadas-termicas-en-la-escala\/#primaryimage"},"image":{"@id":"https:\/\/solexpert.es\/es\/cortinas-plisadas-termicas-en-la-escala\/#primaryimage"},"thumbnailUrl":"https:\/\/solexpert.es\/wp-content\/uploads\/2023\/12\/398139071_18007134968096200_6956780453979020252_n-1-e1702478568455.jpg","datePublished":"2023-12-13T14:43:56+00:00","dateModified":"2024-03-25T10:00:08+00:00","description":"Cortinas plisadas t\u00e9rmicas.Cortinas plisadas t\u00e9rmicas: La llave para un hogar confortable y eficiente. Estamos en la Escala","breadcrumb":{"@id":"https:\/\/solexpert.es\/es\/cortinas-plisadas-termicas-en-la-escala\/#breadcrumb"},"inLanguage":"es","potentialAction":[{"@type":"ReadAction","target":["https:\/\/solexpert.es\/es\/cortinas-plisadas-termicas-en-la-escala\/"]}]},{"@type":"ImageObject","inLanguage":"es","@id":"https:\/\/solexpert.es\/es\/cortinas-plisadas-termicas-en-la-escala\/#primaryimage","url":"https:\/\/solexpert.es\/wp-content\/uploads\/2023\/12\/398139071_18007134968096200_6956780453979020252_n-1-e1702478568455.jpg","contentUrl":"https:\/\/solexpert.es\/wp-content\/uploads\/2023\/12\/398139071_18007134968096200_6956780453979020252_n-1-e1702478568455.jpg","width":1440,"height":904},{"@type":"BreadcrumbList","@id":"https:\/\/solexpert.es\/es\/cortinas-plisadas-termicas-en-la-escala\/#breadcrumb","itemListElement":[{"@type":"ListItem","position":1,"name":"Inici","item":"https:\/\/solexpert.es\/es\/"},{"@type":"ListItem","position":2,"name":"Cortinas plisadas t\u00e9rmicas en la Escala"}]},{"@type":"WebSite","@id":"https:\/\/solexpert.info\/#website","url":"https:\/\/solexpert.info\/","name":"\u25b6 Venta de toldos en L&#039; Escala","description":"","publisher":{"@id":"https:\/\/solexpert.info\/#organization"},"potentialAction":[{"@type":"SearchAction","target":{"@type":"EntryPoint","urlTemplate":"https:\/\/solexpert.info\/?s={search_term_string}"},"query-input":{"@type":"PropertyValueSpecification","valueRequired":true,"valueName":"search_term_string"}}],"inLanguage":"es"},{"@type":"Organization","@id":"https:\/\/solexpert.info\/#organization","name":"\u25b6 Venta de toldos en L&#039; Escala","url":"https:\/\/solexpert.info\/","logo":{"@type":"ImageObject","inLanguage":"es","@id":"https:\/\/solexpert.info\/#\/schema\/logo\/image\/","url":"https:\/\/solexpert.es\/wp-content\/uploads\/2022\/04\/logo.png","contentUrl":"https:\/\/solexpert.es\/wp-content\/uploads\/2022\/04\/logo.png","width":890,"height":500,"caption":"\u25b6 Venta de toldos en L&#039; Escala"},"image":{"@id":"https:\/\/solexpert.info\/#\/schema\/logo\/image\/"}},{"@type":"Person","@id":"https:\/\/solexpert.info\/#\/schema\/person\/e7958ef35e46dd8f211e1ecb58f89e63","name":"SolExpert","image":{"@type":"ImageObject","inLanguage":"es","@id":"https:\/\/secure.gravatar.com\/avatar\/aa67c96f91b1b94fa81c43a394ee67ccbe087a212f4a15a2f49020cfb1548dd1?s=96&d=mm&r=g","url":"https:\/\/secure.gravatar.com\/avatar\/aa67c96f91b1b94fa81c43a394ee67ccbe087a212f4a15a2f49020cfb1548dd1?s=96&d=mm&r=g","contentUrl":"https:\/\/secure.gravatar.com\/avatar\/aa67c96f91b1b94fa81c43a394ee67ccbe087a212f4a15a2f49020cfb1548dd1?s=96&d=mm&r=g","caption":"SolExpert"},"sameAs":["https:\/\/solexpert.info"]}]}},"_links":{"self":[{"href":"https:\/\/solexpert.es\/es\/wp-json\/wp\/v2\/posts\/6781","targetHints":{"allow":["GET"]}}],"collection":[{"href":"https:\/\/solexpert.es\/es\/wp-json\/wp\/v2\/posts"}],"about":[{"href":"https:\/\/solexpert.es\/es\/wp-json\/wp\/v2\/types\/post"}],"author":[{"embeddable":true,"href":"https:\/\/solexpert.es\/es\/wp-json\/wp\/v2\/users\/1"}],"replies":[{"embeddable":true,"href":"https:\/\/solexpert.es\/es\/wp-json\/wp\/v2\/comments?post=6781"}],"version-history":[{"count":1,"href":"https:\/\/solexpert.es\/es\/wp-json\/wp\/v2\/posts\/6781\/revisions"}],"predecessor-version":[{"id":6784,"href":"https:\/\/solexpert.es\/es\/wp-json\/wp\/v2\/posts\/6781\/revisions\/6784"}],"wp:featuredmedia":[{"embeddable":true,"href":"https:\/\/solexpert.es\/es\/wp-json\/wp\/v2\/media\/6782"}],"wp:attachment":[{"href":"https:\/\/solexpert.es\/es\/wp-json\/wp\/v2\/media?parent=6781"}],"wp:term":[{"taxonomy":"category","embeddable":true,"href":"https:\/\/solexpert.es\/es\/wp-json\/wp\/v2\/categories?post=6781"},{"taxonomy":"post_tag","embeddable":true,"href":"https:\/\/solexpert.es\/es\/wp-json\/wp\/v2\/tags?post=6781"}],"curies":[{"name":"wp","href":"https:\/\/api.w.org\/{rel}","templated":true}]}}