{"id":6877,"date":"2024-05-09T12:40:12","date_gmt":"2024-05-09T12:40:12","guid":{"rendered":"https:\/\/solexpert.es\/?p=6877"},"modified":"2024-05-09T21:18:19","modified_gmt":"2024-05-09T21:18:19","slug":"rideaux-plisses-thermiques-a-la-escala","status":"publish","type":"post","link":"https:\/\/solexpert.es\/fr\/rideaux-plisses-thermiques-a-la-escala","title":{"rendered":"Rideaux pliss\u00e9s thermiques \u00e0 La Escala"},"content":{"rendered":"<h2>Avantages de nos rideaux pliss\u00e9s<\/h2>\n<p>Les rideaux pliss\u00e9s thermiques, \u00e9galement appel\u00e9s rideaux isolants, sont le choix parfait pour ceux qui cherchent \u00e0 r\u00e9guler les \u00e9changes thermiques dans leur maison. Ces rideaux ajoutent non seulement une touche \u00e9l\u00e9gante \u00e0 la d\u00e9coration, mais jouent \u00e9galement un r\u00f4le essentiel dans la cr\u00e9ation d\u2019un environnement confortable quel que soit le climat.<\/p>\n<p>Le secret de son efficacit\u00e9 r\u00e9side dans sa capacit\u00e9 \u00e0 <strong>contr\u00f4ler la temp\u00e9rature<\/strong> en \u00e9vitant les \u00e9changes thermiques entre l\u2019int\u00e9rieur et l\u2019ext\u00e9rieur de la maison. Cet avantage contribue non seulement au bien-\u00eatre des habitants, mais se traduit \u00e9galement par des <strong>\u00e9conomies importantes sur la facture d\u2019\u00e9lectricit\u00e9<\/strong>.<\/p>\n<p>Les propri\u00e9t\u00e9s thermiques de ces rideaux permettent de retenir ou de dissiper la chaleur selon les besoins saisonniers. Pendant les mois froids, ils agissent comme une barri\u00e8re qui emp\u00eache la chaleur de s\u2019\u00e9chapper, gardant ainsi l\u2019atmosph\u00e8re chaleureuse et confortable \u00e0 l\u2019int\u00e9rieur. D\u2019autre part, par temps chaud, ils aident \u00e0 bloquer les rayons du soleil, emp\u00eachant la chaleur ext\u00e9rieure de p\u00e9n\u00e9trer, cr\u00e9ant ainsi un environnement frais et agr\u00e9able.<\/p>\n<p>Cette capacit\u00e9 \u00e0 r\u00e9guler la temp\u00e9rature assure non seulement le confort, mais contribue \u00e9galement \u00e0 l\u2019efficacit\u00e9 \u00e9nerg\u00e9tique de la maison. En maintenant une temp\u00e9rature ad\u00e9quate pour la pi\u00e8ce, on r\u00e9duit le besoin d\u2019utiliser des syst\u00e8mes de chauffage ou de climatisation excessifs, ce qui se traduit par une consommation d\u2019\u00e9nergie moindre et, par cons\u00e9quent, un impact environnemental moindre.<\/p>\n<p><img fetchpriority=\"high\" decoding=\"async\" class=\"alignnone wp-image-6782\" src=\"https:\/\/solexpert.es\/wp-content\/uploads\/2023\/12\/398139071_18007134968096200_6956780453979020252_n-1-e1702478568455-300x188.jpg \" alt=\"\" width=\"399\" height=\"250\" srcset=\"https:\/\/solexpert.es\/wp-content\/uploads\/2023\/12\/398139071_18007134968096200_6956780453979020252_n-1-e1702478568455-300x188.jpg 300w, https:\/\/solexpert.es\/wp-content\/uploads\/2023\/12\/398139071_18007134968096200_6956780453979020252_n-1-e1702478568455-1024x643.jpg 1024w, https:\/\/solexpert.es\/wp-content\/uploads\/2023\/12\/398139071_18007134968096200_6956780453979020252_n-1-e1702478568455-768x482.jpg 768w, https:\/\/solexpert.es\/wp-content\/uploads\/2023\/12\/398139071_18007134968096200_6956780453979020252_n-1-e1702478568455.jpg 1440w\" sizes=\"(max-width: 399px) 100vw, 399px\" \/><\/p>\n<p>\u00a0<\/p>\n<p>En plus des avantages pratiques, les rideaux pliss\u00e9s thermiques offrent un large \u00e9ventail d\u2019options esth\u00e9tiques. Disponibles en diff\u00e9rentes couleurs, textures et styles, ces rideaux s\u2019adaptent \u00e0 n\u2019importe quel d\u00e9cor, permettant aux propri\u00e9taires de personnaliser leur espace sans compromettre l\u2019efficacit\u00e9 thermique.<\/p>\n<h2 class=\"LC20lb MBeuO DKV0Md\">Rideaux pliss\u00e9s \u25b7 Espaces \u00e9l\u00e9gants et fonctionnels sur la Costa Brava<\/h2>\n<p>En bref, investir dans des stores pliss\u00e9s thermiques est une d\u00e9cision judicieuse pour ceux qui cherchent \u00e0 am\u00e9liorer le confort et l\u2019efficacit\u00e9 de leur maison. Ces rideaux sont non seulement fonctionnels en r\u00e9gulant la temp\u00e9rature, mais ils ajoutent \u00e9galement une touche \u00e9l\u00e9gante \u00e0 n\u2019importe quel espace. Avec leurs propri\u00e9t\u00e9s isolantes, les rideaux pliss\u00e9s thermiques d\u00e9montrent que confort et \u00e9conomies d\u2019\u00e9nergie peuvent aller de pair dans la maison moderne.<\/p>\n<p><img decoding=\"async\" class=\"alignnone wp-image-6783\" src=\"https:\/\/solexpert.es\/wp-content\/uploads\/2023\/12\/398142484_18007134977096200_4209228128148508333_n-1-e1702478623306-300x189.jpg \" alt=\"\" width=\"460\" height=\"290\" srcset=\"https:\/\/solexpert.es\/wp-content\/uploads\/2023\/12\/398142484_18007134977096200_4209228128148508333_n-1-e1702478623306-300x189.jpg 300w, https:\/\/solexpert.es\/wp-content\/uploads\/2023\/12\/398142484_18007134977096200_4209228128148508333_n-1-e1702478623306-1024x645.jpg 1024w, https:\/\/solexpert.es\/wp-content\/uploads\/2023\/12\/398142484_18007134977096200_4209228128148508333_n-1-e1702478623306-768x484.jpg 768w, https:\/\/solexpert.es\/wp-content\/uploads\/2023\/12\/398142484_18007134977096200_4209228128148508333_n-1-e1702478623306.jpg 1440w\" sizes=\"(max-width: 460px) 100vw, 460px\" \/><\/p>\n<p>Si vous recherchez la meilleure qualit\u00e9 pour vos rideaux, <span style=\"color: #800000;\"><strong> n\u2019h\u00e9sitez pas \u00e0 visiter notre \u00e9tablissement Solexpert \u00e0 L\u2019Escala<\/strong><\/span>. D\u00e9couvrez la vari\u00e9t\u00e9 de styles et de couleurs que nous avons \u00e0 offrir et apportez le confort et l\u2019efficacit\u00e9 que vous m\u00e9ritez \u00e0 votre maison. Faites des rideaux une d\u00e9claration de style et de fonctionnalit\u00e9\u00a0!<\/p>\n","protected":false},"excerpt":{"rendered":"<p>Avantages de nos rideaux pliss&eacute;s Les rideaux pliss&eacute;s thermiques, &eacute;galement appel&eacute;s rideaux isolants, sont le choix parfait pour ceux qui cherchent &agrave; r&eacute;guler les &eacute;changes thermiques dans leur maison. Ces rideaux ajoutent non seulement une touche &eacute;l&eacute;gante &agrave; la d&eacute;coration, mais jouent &eacute;galement un r&ocirc;le essentiel dans la cr&eacute;ation d&rsquo;un environnement confortable quel que soit le climat. Le secret de [&hellip;]<\/p>\n","protected":false},"author":1,"featured_media":6782,"comment_status":"closed","ping_status":"closed","sticky":false,"template":"","format":"standard","meta":{"_joinchat":[],"footnotes":""},"categories":[1],"tags":[],"class_list":["post-6877","post","type-post","status-publish","format-standard","has-post-thumbnail","hentry","category-sin-categorizar"],"yoast_head":"<!-- This site is optimized with the Yoast SEO plugin v27.5 - https:\/\/yoast.com\/product\/yoast-seo-wordpress\/ -->\n<title>Rideaux pliss\u00e9s thermiques \u00e0 La Escala - Telf 97 277 22 19<\/title>\n<meta name=\"description\" content=\"Rideaux pliss\u00e9s thermiques.Rideaux pliss\u00e9s thermiques: La cl\u00e9 d&#039;une maison confortable et efficace \u00e0 G\u00e9rone, Ampurd\u00e1n.\" \/>\n<meta name=\"robots\" content=\"index, follow, max-snippet:-1, max-image-preview:large, max-video-preview:-1\" \/>\n<link rel=\"canonical\" href=\"https:\/\/solexpert.es\/fr\/rideaux-plisses-thermiques-a-la-escala\/\" \/>\n<meta property=\"og:locale\" content=\"fr_FR\" \/>\n<meta property=\"og:type\" content=\"article\" \/>\n<meta property=\"og:title\" content=\"Rideaux pliss\u00e9s thermiques \u00e0 La Escala - Telf 97 277 22 19\" \/>\n<meta property=\"og:description\" content=\"Rideaux pliss\u00e9s thermiques.Rideaux pliss\u00e9s thermiques: La cl\u00e9 d&#039;une maison confortable et efficace \u00e0 G\u00e9rone, Ampurd\u00e1n.\" \/>\n<meta property=\"og:url\" content=\"https:\/\/solexpert.es\/fr\/rideaux-plisses-thermiques-a-la-escala\/\" \/>\n<meta property=\"og:site_name\" content=\"\u25b6 Venta de toldos en L&#039; Escala\" \/>\n<meta property=\"article:published_time\" content=\"2024-05-09T12:40:12+00:00\" \/>\n<meta property=\"article:modified_time\" content=\"2024-05-09T21:18:19+00:00\" \/>\n<meta property=\"og:image\" content=\"https:\/\/solexpert.es\/wp-content\/uploads\/2023\/12\/398139071_18007134968096200_6956780453979020252_n-1-e1702478568455.jpg\" \/>\n\t<meta property=\"og:image:width\" content=\"1440\" \/>\n\t<meta property=\"og:image:height\" content=\"904\" \/>\n\t<meta property=\"og:image:type\" content=\"image\/jpeg\" \/>\n<meta name=\"author\" content=\"SolExpert\" \/>\n<meta name=\"twitter:card\" content=\"summary_large_image\" \/>\n<meta name=\"twitter:label1\" content=\"\u00c9crit par\" \/>\n\t<meta name=\"twitter:data1\" content=\"SolExpert\" \/>\n\t<meta name=\"twitter:label2\" content=\"Dur\u00e9e de lecture estim\u00e9e\" \/>\n\t<meta name=\"twitter:data2\" content=\"3 minutes\" \/>\n<script type=\"application\/ld+json\" class=\"yoast-schema-graph\">{\"@context\":\"https:\\\/\\\/schema.org\",\"@graph\":[{\"@type\":\"Article\",\"@id\":\"https:\\\/\\\/solexpert.es\\\/fr\\\/rideaux-plisses-thermiques-a-la-escala\\\/#article\",\"isPartOf\":{\"@id\":\"https:\\\/\\\/solexpert.es\\\/fr\\\/rideaux-plisses-thermiques-a-la-escala\\\/\"},\"author\":{\"name\":\"SolExpert\",\"@id\":\"https:\\\/\\\/solexpert.info\\\/#\\\/schema\\\/person\\\/e7958ef35e46dd8f211e1ecb58f89e63\"},\"headline\":\"Rideaux pliss\u00e9s thermiques \u00e0 La Escala\",\"datePublished\":\"2024-05-09T12:40:12+00:00\",\"dateModified\":\"2024-05-09T21:18:19+00:00\",\"mainEntityOfPage\":{\"@id\":\"https:\\\/\\\/solexpert.es\\\/fr\\\/rideaux-plisses-thermiques-a-la-escala\\\/\"},\"wordCount\":469,\"publisher\":{\"@id\":\"https:\\\/\\\/solexpert.info\\\/#organization\"},\"image\":{\"@id\":\"https:\\\/\\\/solexpert.es\\\/fr\\\/rideaux-plisses-thermiques-a-la-escala\\\/#primaryimage\"},\"thumbnailUrl\":\"https:\\\/\\\/solexpert.es\\\/wp-content\\\/uploads\\\/2023\\\/12\\\/398139071_18007134968096200_6956780453979020252_n-1-e1702478568455.jpg\",\"articleSection\":[\"Sin categorizar\"],\"inLanguage\":\"fr-FR\"},{\"@type\":\"WebPage\",\"@id\":\"https:\\\/\\\/solexpert.es\\\/fr\\\/rideaux-plisses-thermiques-a-la-escala\\\/\",\"url\":\"https:\\\/\\\/solexpert.es\\\/fr\\\/rideaux-plisses-thermiques-a-la-escala\\\/\",\"name\":\"Rideaux pliss\u00e9s thermiques \u00e0 La Escala - Telf 97 277 22 19\",\"isPartOf\":{\"@id\":\"https:\\\/\\\/solexpert.info\\\/#website\"},\"primaryImageOfPage\":{\"@id\":\"https:\\\/\\\/solexpert.es\\\/fr\\\/rideaux-plisses-thermiques-a-la-escala\\\/#primaryimage\"},\"image\":{\"@id\":\"https:\\\/\\\/solexpert.es\\\/fr\\\/rideaux-plisses-thermiques-a-la-escala\\\/#primaryimage\"},\"thumbnailUrl\":\"https:\\\/\\\/solexpert.es\\\/wp-content\\\/uploads\\\/2023\\\/12\\\/398139071_18007134968096200_6956780453979020252_n-1-e1702478568455.jpg\",\"datePublished\":\"2024-05-09T12:40:12+00:00\",\"dateModified\":\"2024-05-09T21:18:19+00:00\",\"description\":\"Rideaux pliss\u00e9s thermiques.Rideaux pliss\u00e9s thermiques: La cl\u00e9 d'une maison confortable et efficace \u00e0 G\u00e9rone, Ampurd\u00e1n.\",\"breadcrumb\":{\"@id\":\"https:\\\/\\\/solexpert.es\\\/fr\\\/rideaux-plisses-thermiques-a-la-escala\\\/#breadcrumb\"},\"inLanguage\":\"fr-FR\",\"potentialAction\":[{\"@type\":\"ReadAction\",\"target\":[\"https:\\\/\\\/solexpert.es\\\/fr\\\/rideaux-plisses-thermiques-a-la-escala\\\/\"]}]},{\"@type\":\"ImageObject\",\"inLanguage\":\"fr-FR\",\"@id\":\"https:\\\/\\\/solexpert.es\\\/fr\\\/rideaux-plisses-thermiques-a-la-escala\\\/#primaryimage\",\"url\":\"https:\\\/\\\/solexpert.es\\\/wp-content\\\/uploads\\\/2023\\\/12\\\/398139071_18007134968096200_6956780453979020252_n-1-e1702478568455.jpg\",\"contentUrl\":\"https:\\\/\\\/solexpert.es\\\/wp-content\\\/uploads\\\/2023\\\/12\\\/398139071_18007134968096200_6956780453979020252_n-1-e1702478568455.jpg\",\"width\":1440,\"height\":904},{\"@type\":\"BreadcrumbList\",\"@id\":\"https:\\\/\\\/solexpert.es\\\/fr\\\/rideaux-plisses-thermiques-a-la-escala\\\/#breadcrumb\",\"itemListElement\":[{\"@type\":\"ListItem\",\"position\":1,\"name\":\"Inici\",\"item\":\"https:\\\/\\\/solexpert.es\\\/fr\\\/\"},{\"@type\":\"ListItem\",\"position\":2,\"name\":\"Rideaux pliss\u00e9s thermiques \u00e0 La Escala\"}]},{\"@type\":\"WebSite\",\"@id\":\"https:\\\/\\\/solexpert.info\\\/#website\",\"url\":\"https:\\\/\\\/solexpert.info\\\/\",\"name\":\"\u25b6 Venta de toldos en L&#039; Escala\",\"description\":\"\",\"publisher\":{\"@id\":\"https:\\\/\\\/solexpert.info\\\/#organization\"},\"potentialAction\":[{\"@type\":\"SearchAction\",\"target\":{\"@type\":\"EntryPoint\",\"urlTemplate\":\"https:\\\/\\\/solexpert.info\\\/?s={search_term_string}\"},\"query-input\":{\"@type\":\"PropertyValueSpecification\",\"valueRequired\":true,\"valueName\":\"search_term_string\"}}],\"inLanguage\":\"fr-FR\"},{\"@type\":\"Organization\",\"@id\":\"https:\\\/\\\/solexpert.info\\\/#organization\",\"name\":\"\u25b6 Venta de toldos en L&#039; Escala\",\"url\":\"https:\\\/\\\/solexpert.info\\\/\",\"logo\":{\"@type\":\"ImageObject\",\"inLanguage\":\"fr-FR\",\"@id\":\"https:\\\/\\\/solexpert.info\\\/#\\\/schema\\\/logo\\\/image\\\/\",\"url\":\"https:\\\/\\\/solexpert.es\\\/wp-content\\\/uploads\\\/2022\\\/04\\\/logo.png\",\"contentUrl\":\"https:\\\/\\\/solexpert.es\\\/wp-content\\\/uploads\\\/2022\\\/04\\\/logo.png\",\"width\":890,\"height\":500,\"caption\":\"\u25b6 Venta de toldos en L&#039; Escala\"},\"image\":{\"@id\":\"https:\\\/\\\/solexpert.info\\\/#\\\/schema\\\/logo\\\/image\\\/\"}},{\"@type\":\"Person\",\"@id\":\"https:\\\/\\\/solexpert.info\\\/#\\\/schema\\\/person\\\/e7958ef35e46dd8f211e1ecb58f89e63\",\"name\":\"SolExpert\",\"image\":{\"@type\":\"ImageObject\",\"inLanguage\":\"fr-FR\",\"@id\":\"https:\\\/\\\/secure.gravatar.com\\\/avatar\\\/aa67c96f91b1b94fa81c43a394ee67ccbe087a212f4a15a2f49020cfb1548dd1?s=96&d=mm&r=g\",\"url\":\"https:\\\/\\\/secure.gravatar.com\\\/avatar\\\/aa67c96f91b1b94fa81c43a394ee67ccbe087a212f4a15a2f49020cfb1548dd1?s=96&d=mm&r=g\",\"contentUrl\":\"https:\\\/\\\/secure.gravatar.com\\\/avatar\\\/aa67c96f91b1b94fa81c43a394ee67ccbe087a212f4a15a2f49020cfb1548dd1?s=96&d=mm&r=g\",\"caption\":\"SolExpert\"},\"sameAs\":[\"https:\\\/\\\/solexpert.info\"]}]}<\/script>\n<!-- \/ Yoast SEO plugin. -->","yoast_head_json":{"title":"Rideaux pliss\u00e9s thermiques \u00e0 La Escala - Telf 97 277 22 19","description":"Rideaux pliss\u00e9s thermiques.Rideaux pliss\u00e9s thermiques: La cl\u00e9 d'une maison confortable et efficace \u00e0 G\u00e9rone, Ampurd\u00e1n.","robots":{"index":"index","follow":"follow","max-snippet":"max-snippet:-1","max-image-preview":"max-image-preview:large","max-video-preview":"max-video-preview:-1"},"canonical":"https:\/\/solexpert.es\/fr\/rideaux-plisses-thermiques-a-la-escala\/","og_locale":"fr_FR","og_type":"article","og_title":"Rideaux pliss\u00e9s thermiques \u00e0 La Escala - Telf 97 277 22 19","og_description":"Rideaux pliss\u00e9s thermiques.Rideaux pliss\u00e9s thermiques: La cl\u00e9 d'une maison confortable et efficace \u00e0 G\u00e9rone, Ampurd\u00e1n.","og_url":"https:\/\/solexpert.es\/fr\/rideaux-plisses-thermiques-a-la-escala\/","og_site_name":"\u25b6 Venta de toldos en L&#039; Escala","article_published_time":"2024-05-09T12:40:12+00:00","article_modified_time":"2024-05-09T21:18:19+00:00","og_image":[{"width":1440,"height":904,"url":"https:\/\/solexpert.es\/wp-content\/uploads\/2023\/12\/398139071_18007134968096200_6956780453979020252_n-1-e1702478568455.jpg","type":"image\/jpeg"}],"author":"SolExpert","twitter_card":"summary_large_image","twitter_misc":{"\u00c9crit par":"SolExpert","Dur\u00e9e de lecture estim\u00e9e":"3 minutes"},"schema":{"@context":"https:\/\/schema.org","@graph":[{"@type":"Article","@id":"https:\/\/solexpert.es\/fr\/rideaux-plisses-thermiques-a-la-escala\/#article","isPartOf":{"@id":"https:\/\/solexpert.es\/fr\/rideaux-plisses-thermiques-a-la-escala\/"},"author":{"name":"SolExpert","@id":"https:\/\/solexpert.info\/#\/schema\/person\/e7958ef35e46dd8f211e1ecb58f89e63"},"headline":"Rideaux pliss\u00e9s thermiques \u00e0 La Escala","datePublished":"2024-05-09T12:40:12+00:00","dateModified":"2024-05-09T21:18:19+00:00","mainEntityOfPage":{"@id":"https:\/\/solexpert.es\/fr\/rideaux-plisses-thermiques-a-la-escala\/"},"wordCount":469,"publisher":{"@id":"https:\/\/solexpert.info\/#organization"},"image":{"@id":"https:\/\/solexpert.es\/fr\/rideaux-plisses-thermiques-a-la-escala\/#primaryimage"},"thumbnailUrl":"https:\/\/solexpert.es\/wp-content\/uploads\/2023\/12\/398139071_18007134968096200_6956780453979020252_n-1-e1702478568455.jpg","articleSection":["Sin categorizar"],"inLanguage":"fr-FR"},{"@type":"WebPage","@id":"https:\/\/solexpert.es\/fr\/rideaux-plisses-thermiques-a-la-escala\/","url":"https:\/\/solexpert.es\/fr\/rideaux-plisses-thermiques-a-la-escala\/","name":"Rideaux pliss\u00e9s thermiques \u00e0 La Escala - Telf 97 277 22 19","isPartOf":{"@id":"https:\/\/solexpert.info\/#website"},"primaryImageOfPage":{"@id":"https:\/\/solexpert.es\/fr\/rideaux-plisses-thermiques-a-la-escala\/#primaryimage"},"image":{"@id":"https:\/\/solexpert.es\/fr\/rideaux-plisses-thermiques-a-la-escala\/#primaryimage"},"thumbnailUrl":"https:\/\/solexpert.es\/wp-content\/uploads\/2023\/12\/398139071_18007134968096200_6956780453979020252_n-1-e1702478568455.jpg","datePublished":"2024-05-09T12:40:12+00:00","dateModified":"2024-05-09T21:18:19+00:00","description":"Rideaux pliss\u00e9s thermiques.Rideaux pliss\u00e9s thermiques: La cl\u00e9 d'une maison confortable et efficace \u00e0 G\u00e9rone, Ampurd\u00e1n.","breadcrumb":{"@id":"https:\/\/solexpert.es\/fr\/rideaux-plisses-thermiques-a-la-escala\/#breadcrumb"},"inLanguage":"fr-FR","potentialAction":[{"@type":"ReadAction","target":["https:\/\/solexpert.es\/fr\/rideaux-plisses-thermiques-a-la-escala\/"]}]},{"@type":"ImageObject","inLanguage":"fr-FR","@id":"https:\/\/solexpert.es\/fr\/rideaux-plisses-thermiques-a-la-escala\/#primaryimage","url":"https:\/\/solexpert.es\/wp-content\/uploads\/2023\/12\/398139071_18007134968096200_6956780453979020252_n-1-e1702478568455.jpg","contentUrl":"https:\/\/solexpert.es\/wp-content\/uploads\/2023\/12\/398139071_18007134968096200_6956780453979020252_n-1-e1702478568455.jpg","width":1440,"height":904},{"@type":"BreadcrumbList","@id":"https:\/\/solexpert.es\/fr\/rideaux-plisses-thermiques-a-la-escala\/#breadcrumb","itemListElement":[{"@type":"ListItem","position":1,"name":"Inici","item":"https:\/\/solexpert.es\/fr\/"},{"@type":"ListItem","position":2,"name":"Rideaux pliss\u00e9s thermiques \u00e0 La Escala"}]},{"@type":"WebSite","@id":"https:\/\/solexpert.info\/#website","url":"https:\/\/solexpert.info\/","name":"\u25b6 Venta de toldos en L&#039; Escala","description":"","publisher":{"@id":"https:\/\/solexpert.info\/#organization"},"potentialAction":[{"@type":"SearchAction","target":{"@type":"EntryPoint","urlTemplate":"https:\/\/solexpert.info\/?s={search_term_string}"},"query-input":{"@type":"PropertyValueSpecification","valueRequired":true,"valueName":"search_term_string"}}],"inLanguage":"fr-FR"},{"@type":"Organization","@id":"https:\/\/solexpert.info\/#organization","name":"\u25b6 Venta de toldos en L&#039; Escala","url":"https:\/\/solexpert.info\/","logo":{"@type":"ImageObject","inLanguage":"fr-FR","@id":"https:\/\/solexpert.info\/#\/schema\/logo\/image\/","url":"https:\/\/solexpert.es\/wp-content\/uploads\/2022\/04\/logo.png","contentUrl":"https:\/\/solexpert.es\/wp-content\/uploads\/2022\/04\/logo.png","width":890,"height":500,"caption":"\u25b6 Venta de toldos en L&#039; Escala"},"image":{"@id":"https:\/\/solexpert.info\/#\/schema\/logo\/image\/"}},{"@type":"Person","@id":"https:\/\/solexpert.info\/#\/schema\/person\/e7958ef35e46dd8f211e1ecb58f89e63","name":"SolExpert","image":{"@type":"ImageObject","inLanguage":"fr-FR","@id":"https:\/\/secure.gravatar.com\/avatar\/aa67c96f91b1b94fa81c43a394ee67ccbe087a212f4a15a2f49020cfb1548dd1?s=96&d=mm&r=g","url":"https:\/\/secure.gravatar.com\/avatar\/aa67c96f91b1b94fa81c43a394ee67ccbe087a212f4a15a2f49020cfb1548dd1?s=96&d=mm&r=g","contentUrl":"https:\/\/secure.gravatar.com\/avatar\/aa67c96f91b1b94fa81c43a394ee67ccbe087a212f4a15a2f49020cfb1548dd1?s=96&d=mm&r=g","caption":"SolExpert"},"sameAs":["https:\/\/solexpert.info"]}]}},"_links":{"self":[{"href":"https:\/\/solexpert.es\/fr\/wp-json\/wp\/v2\/posts\/6877","targetHints":{"allow":["GET"]}}],"collection":[{"href":"https:\/\/solexpert.es\/fr\/wp-json\/wp\/v2\/posts"}],"about":[{"href":"https:\/\/solexpert.es\/fr\/wp-json\/wp\/v2\/types\/post"}],"author":[{"embeddable":true,"href":"https:\/\/solexpert.es\/fr\/wp-json\/wp\/v2\/users\/1"}],"replies":[{"embeddable":true,"href":"https:\/\/solexpert.es\/fr\/wp-json\/wp\/v2\/comments?post=6877"}],"version-history":[{"count":1,"href":"https:\/\/solexpert.es\/fr\/wp-json\/wp\/v2\/posts\/6877\/revisions"}],"predecessor-version":[{"id":6878,"href":"https:\/\/solexpert.es\/fr\/wp-json\/wp\/v2\/posts\/6877\/revisions\/6878"}],"wp:featuredmedia":[{"embeddable":true,"href":"https:\/\/solexpert.es\/fr\/wp-json\/wp\/v2\/media\/6782"}],"wp:attachment":[{"href":"https:\/\/solexpert.es\/fr\/wp-json\/wp\/v2\/media?parent=6877"}],"wp:term":[{"taxonomy":"category","embeddable":true,"href":"https:\/\/solexpert.es\/fr\/wp-json\/wp\/v2\/categories?post=6877"},{"taxonomy":"post_tag","embeddable":true,"href":"https:\/\/solexpert.es\/fr\/wp-json\/wp\/v2\/tags?post=6877"}],"curies":[{"name":"wp","href":"https:\/\/api.w.org\/{rel}","templated":true}]}}