{"id":6884,"date":"2024-05-09T12:36:51","date_gmt":"2024-05-09T12:36:51","guid":{"rendered":"https:\/\/solexpert.es\/?p=6884"},"modified":"2024-05-09T16:21:45","modified_gmt":"2024-05-09T16:21:45","slug":"stores-coffres-electriques-sur-la-costa-brava","status":"publish","type":"post","link":"https:\/\/solexpert.es\/fr\/stores-coffres-electriques-sur-la-costa-brava","title":{"rendered":"Stores coffres \u00e9lectriques sur la Costa Brava"},"content":{"rendered":"<h2>Contr\u00f4lez le soleil avec la commodit\u00e9 d\u2019une t\u00e9l\u00e9commande\u00a0: d\u00e9couvrez nos auvents \u00e0 caisson \u00e9lectrique<\/h2>\n<p>Fatigu\u00e9 de lutter contre le soleil br\u00fblant ? Vous voulez profiter de l\u2019ombre d\u2019une simple pression sur un bouton ? Chez Solexpert, nous avons trouv\u00e9 la solution parfaite pour vous. Nos stores bannes \u00e0 caisson \u00e9lectrique vous permettent de contr\u00f4ler la quantit\u00e9 de soleil que vous souhaitez dans votre maison, sans m\u00eame quitter votre chaise. Nos designs sont \u00e9l\u00e9gants et personnalis\u00e9s et tr\u00e8s r\u00e9sistants. D\u00e9couvrez notre catalogue.<\/p>\n<h2>Que sont les auvents \u00e0 caisson \u00e9lectrique\u00a0?<\/h2>\n<p>Nos stores coffres \u00e9lectriques sont la combinaison parfaite entre \u00e9l\u00e9gance et fonctionnalit\u00e9. Con\u00e7us pour s\u2019adapter \u00e0 tout style architectural, ces auvents s\u2019int\u00e8grent parfaitement \u00e0 votre maison ou votre entreprise. Leur particularit\u00e9 la plus remarquable est la motorisation, qui permet de les contr\u00f4ler avec une t\u00e9l\u00e9commande.<\/p>\n<p>Principaux avantages de nos auvents coffres \u00e9lectriques\u00a0:<\/p>\n<h3><strong>1. Confort et commodit\u00e9<\/strong><\/h3>\n<p>La motorisation des stores vous offre un contr\u00f4le exceptionnel sur leur d\u00e9ploiement et leur escamotage. Vous n\u2019aurez plus \u00e0 vous occuper de manivelles fastidieuses ou de cordes qui se coincent ou s\u2019usent souvent avec le temps. D\u2019une simple pression sur un bouton ou m\u00eame via une application sur votre t\u00e9l\u00e9phone, vous pouvez d\u00e9ployer ou r\u00e9tracter vos stores rapidement et sans effort. Ceci est particuli\u00e8rement utile lorsque le temps change soudainement ou lorsque vous souhaitez ajuster l\u2019ombre en fonction de l\u2019heure de la journ\u00e9e.<\/p>\n<p><img decoding=\"async\" class=\"alignnone wp-image-6758\" src=\"https:\/\/solexpert.es\/wp-content\/uploads\/2023\/10\/1-1-300x190.png\" alt=\"\" width=\"445\" srcset=\"https:\/\/solexpert.es\/wp-content\/uploads\/2023\/10\/1-1-300x190.png 300w, https:\/\/solexpert.es\/wp-content\/uploads\/2023\/10\/1-1-768x487.png 768w, https:\/\/solexpert.es\/wp-content\/uploads\/2023\/10\/1-1.png 929w\" sizes=\"(max-width: 300px) 100vw, 300px\" \/><\/p>\n<h3><strong>2. Plus grande durabilit\u00e9<\/strong><\/h3>\n<p>La motorisation des stores est g\u00e9n\u00e9ralement con\u00e7ue pour fournir un mouvement fluide et uniforme, r\u00e9duisant ainsi l\u2019usure par rapport aux syst\u00e8mes manuels. De plus, les composants \u00e9lectriques sont g\u00e9n\u00e9ralement prot\u00e9g\u00e9s des \u00e9l\u00e9ments, prolongeant ainsi la dur\u00e9e de vie de vos auvents. Cela signifie que votre investissement durera plus longtemps et n\u00e9cessitera moins d\u2019entretien au fil du temps.<\/p>\n<h3><strong>3. \u00c9conomies d\u2019\u00e9nergie<\/strong><\/h3>\n<p>En ajustant facilement vos auvents, vous pouvez maximiser l\u2019efficacit\u00e9 \u00e9nerg\u00e9tique de votre maison. Lors des journ\u00e9es chaudes, vous pouvez d\u00e9ployer les auvents pour garder la maison fra\u00eeche, r\u00e9duisant ainsi le besoin de climatisation. Durant l\u2019hiver, la r\u00e9traction de vos auvents permet \u00e0 la lumi\u00e8re du soleil de p\u00e9n\u00e9trer dans votre maison et de la r\u00e9chauffer naturellement. Cela peut se traduire par des \u00e9conomies significatives sur vos factures d\u2019\u00e9nergie tout au long de l\u2019ann\u00e9e.<\/p>\n<h3><strong>4. S\u00e9curit\u00e9<\/strong><\/h3>\n<p>La motorisation des stores comprend souvent des capteurs de vent et de soleil qui peuvent prot\u00e9ger \u00e0 la fois vos stores et votre propri\u00e9t\u00e9. Lorsque des conditions m\u00e9t\u00e9orologiques d\u00e9favorables, telles que des vents violents, sont d\u00e9tect\u00e9es, des capteurs peuvent automatiquement r\u00e9tracter les auvents pour \u00e9viter tout dommage. De plus, ces syst\u00e8mes comportent souvent une fonction de verrouillage qui offre une couche de s\u00e9curit\u00e9 suppl\u00e9mentaire en fermant compl\u00e8tement les auvents.<\/p>\n<p><img decoding=\"async\" class=\"alignnone wp-image-6759\" src=\"https:\/\/solexpert.es\/wp-content\/uploads\/2023\/10\/2-1-300x188.png\" alt=\"\" width=\"445\" srcset=\"https:\/\/solexpert.es\/wp-content\/uploads\/2023\/10\/2-1-300x188.png 300w, https:\/\/solexpert.es\/wp-content\/uploads\/2023\/10\/2-1-768x482.png 768w, https:\/\/solexpert.es\/wp-content\/uploads\/2023\/10\/2-1.png 925w\" sizes=\"(max-width: 300px) 100vw, 300px\" \/><\/p>\n<h3><strong>5. Esth\u00e9tique et \u00e9l\u00e9gance<\/strong><\/h3>\n<p>Le retrait des cordes et des manivelles contribue \u00e0 donner un aspect plus propre et plus \u00e9l\u00e9gant \u00e0 votre cour. Les auvents motoris\u00e9s ont souvent un look plus moderne et \u00e9pur\u00e9, ajoutant une touche de sophistication \u00e0 votre espace ext\u00e9rieur.<\/p>\n<p>Bref, motoriser vos auvents de terrasse offre confort, durabilit\u00e9, \u00e9conomies d\u2019\u00e9nergie, s\u00e9curit\u00e9 et \u00e9l\u00e9gance. Si vous cherchez \u00e0 am\u00e9liorer votre exp\u00e9rience ext\u00e9rieure et \u00e0 tirer le meilleur parti de vos auvents, la motorisation est un investissement \u00e0 consid\u00e9rer. De plus, chez [Nom de votre entreprise], nous sommes pr\u00eats \u00e0 vous aider \u00e0 transformer cette id\u00e9e en r\u00e9alit\u00e9. Contactez-nous d\u00e8s aujourd\u2019hui et d\u00e9couvrez comment nous pouvons rendre votre espace ext\u00e9rieur plus confortable et \u00e9l\u00e9gant que jamais.<\/p>\n<h3>Pourquoi choisir nos stores \u00e9lectriques ?<\/h3>\n<p>Chez Solexpert, nous sommes fiers d\u2019offrir des auvents \u00e0 caisson \u00e9lectrique de la meilleure qualit\u00e9. Nos experts en installation veillent \u00e0 ce que votre auvent s\u2019ajuste parfaitement et fonctionne sans probl\u00e8me. De plus, nous fournissons un service client exceptionnel, de la consultation initiale \u00e0 l\u2019installation et au support apr\u00e8s-vente.<\/p>\n<p>Ne laissez pas le soleil vous emp\u00eacher de profiter de vos espaces ext\u00e9rieurs. Avec nos auvents \u00e0 caisson \u00e9lectrique, vous pouvez prendre le contr\u00f4le total de votre lumi\u00e8re solaire gr\u00e2ce \u00e0 la commodit\u00e9 d\u2019une t\u00e9l\u00e9commande. Contactez-nous d\u00e8s aujourd\u2019hui pour plus d\u2019informations ou pour planifier une consultation!<\/p>\n<p>Visitez notre site Web <a href=\"https:\/\/solexpert.es\">Solexpert<\/a> pour explorer notre s\u00e9lection de stores bannes \u00e9lectriques et d\u00e9couvrez comment contr\u00f4ler le soleil avec style et confort.<\/p>\n","protected":false},"excerpt":{"rendered":"<p>Contr&ocirc;lez le soleil avec la commodit&eacute; d&rsquo;une t&eacute;l&eacute;commande&nbsp;: d&eacute;couvrez nos auvents &agrave; caisson &eacute;lectrique Fatigu&eacute; de lutter contre le soleil br&ucirc;lant ? Vous voulez profiter de l&rsquo;ombre d&rsquo;une simple pression sur un bouton ? Chez Solexpert, nous avons trouv&eacute; la solution parfaite pour vous. Nos stores bannes &agrave; caisson &eacute;lectrique vous permettent de contr&ocirc;ler la quantit&eacute; de soleil que vous [&hellip;]<\/p>\n","protected":false},"author":1,"featured_media":6759,"comment_status":"closed","ping_status":"closed","sticky":false,"template":"","format":"standard","meta":{"_joinchat":[],"footnotes":""},"categories":[],"tags":[],"class_list":["post-6884","post","type-post","status-publish","format-standard","has-post-thumbnail","hentry"],"yoast_head":"<!-- This site is optimized with the Yoast SEO plugin v27.5 - https:\/\/yoast.com\/product\/yoast-seo-wordpress\/ -->\n<title>Stores coffres \u00e9lectriques sur la Costa Brava I SolExpert<\/title>\n<meta name=\"description\" content=\"Stores coffres \u00e9lectriques sur la Costa Brava. D\u00e9couvrez nos stores \u00e0 caisson \u00e9lectrique \u00e0 Empuriabrava. Visitez notre site Solexpert\" \/>\n<meta name=\"robots\" content=\"index, follow, max-snippet:-1, max-image-preview:large, max-video-preview:-1\" \/>\n<link rel=\"canonical\" href=\"https:\/\/solexpert.es\/fr\/stores-coffres-electriques-sur-la-costa-brava\/\" \/>\n<meta property=\"og:locale\" content=\"fr_FR\" \/>\n<meta property=\"og:type\" content=\"article\" \/>\n<meta property=\"og:title\" content=\"Stores coffres \u00e9lectriques sur la Costa Brava I SolExpert\" \/>\n<meta property=\"og:description\" content=\"Stores coffres \u00e9lectriques sur la Costa Brava. D\u00e9couvrez nos stores \u00e0 caisson \u00e9lectrique \u00e0 Empuriabrava. Visitez notre site Solexpert\" \/>\n<meta property=\"og:url\" content=\"https:\/\/solexpert.es\/fr\/stores-coffres-electriques-sur-la-costa-brava\/\" \/>\n<meta property=\"og:site_name\" content=\"\u25b6 Venta de toldos en L&#039; Escala\" \/>\n<meta property=\"article:published_time\" content=\"2024-05-09T12:36:51+00:00\" \/>\n<meta property=\"article:modified_time\" content=\"2024-05-09T16:21:45+00:00\" \/>\n<meta property=\"og:image\" content=\"https:\/\/solexpert.es\/wp-content\/uploads\/2023\/10\/2-1.png\" \/>\n\t<meta property=\"og:image:width\" content=\"925\" \/>\n\t<meta property=\"og:image:height\" content=\"580\" \/>\n\t<meta property=\"og:image:type\" content=\"image\/png\" \/>\n<meta name=\"author\" content=\"SolExpert\" \/>\n<meta name=\"twitter:card\" content=\"summary_large_image\" \/>\n<meta name=\"twitter:label1\" content=\"\u00c9crit par\" \/>\n\t<meta name=\"twitter:data1\" content=\"SolExpert\" \/>\n\t<meta name=\"twitter:label2\" content=\"Dur\u00e9e de lecture estim\u00e9e\" \/>\n\t<meta name=\"twitter:data2\" content=\"5 minutes\" \/>\n<script type=\"application\/ld+json\" class=\"yoast-schema-graph\">{\"@context\":\"https:\\\/\\\/schema.org\",\"@graph\":[{\"@type\":\"Article\",\"@id\":\"https:\\\/\\\/solexpert.es\\\/fr\\\/stores-coffres-electriques-sur-la-costa-brava\\\/#article\",\"isPartOf\":{\"@id\":\"https:\\\/\\\/solexpert.es\\\/fr\\\/stores-coffres-electriques-sur-la-costa-brava\\\/\"},\"author\":{\"name\":\"SolExpert\",\"@id\":\"https:\\\/\\\/solexpert.info\\\/#\\\/schema\\\/person\\\/e7958ef35e46dd8f211e1ecb58f89e63\"},\"headline\":\"Stores coffres \u00e9lectriques sur la Costa Brava\",\"datePublished\":\"2024-05-09T12:36:51+00:00\",\"dateModified\":\"2024-05-09T16:21:45+00:00\",\"mainEntityOfPage\":{\"@id\":\"https:\\\/\\\/solexpert.es\\\/fr\\\/stores-coffres-electriques-sur-la-costa-brava\\\/\"},\"wordCount\":775,\"publisher\":{\"@id\":\"https:\\\/\\\/solexpert.info\\\/#organization\"},\"image\":{\"@id\":\"https:\\\/\\\/solexpert.es\\\/fr\\\/stores-coffres-electriques-sur-la-costa-brava\\\/#primaryimage\"},\"thumbnailUrl\":\"https:\\\/\\\/solexpert.es\\\/wp-content\\\/uploads\\\/2023\\\/10\\\/2-1.png\",\"inLanguage\":\"fr-FR\"},{\"@type\":\"WebPage\",\"@id\":\"https:\\\/\\\/solexpert.es\\\/fr\\\/stores-coffres-electriques-sur-la-costa-brava\\\/\",\"url\":\"https:\\\/\\\/solexpert.es\\\/fr\\\/stores-coffres-electriques-sur-la-costa-brava\\\/\",\"name\":\"Stores coffres \u00e9lectriques sur la Costa Brava I SolExpert\",\"isPartOf\":{\"@id\":\"https:\\\/\\\/solexpert.info\\\/#website\"},\"primaryImageOfPage\":{\"@id\":\"https:\\\/\\\/solexpert.es\\\/fr\\\/stores-coffres-electriques-sur-la-costa-brava\\\/#primaryimage\"},\"image\":{\"@id\":\"https:\\\/\\\/solexpert.es\\\/fr\\\/stores-coffres-electriques-sur-la-costa-brava\\\/#primaryimage\"},\"thumbnailUrl\":\"https:\\\/\\\/solexpert.es\\\/wp-content\\\/uploads\\\/2023\\\/10\\\/2-1.png\",\"datePublished\":\"2024-05-09T12:36:51+00:00\",\"dateModified\":\"2024-05-09T16:21:45+00:00\",\"description\":\"Stores coffres \u00e9lectriques sur la Costa Brava. D\u00e9couvrez nos stores \u00e0 caisson \u00e9lectrique \u00e0 Empuriabrava. Visitez notre site Solexpert\",\"breadcrumb\":{\"@id\":\"https:\\\/\\\/solexpert.es\\\/fr\\\/stores-coffres-electriques-sur-la-costa-brava\\\/#breadcrumb\"},\"inLanguage\":\"fr-FR\",\"potentialAction\":[{\"@type\":\"ReadAction\",\"target\":[\"https:\\\/\\\/solexpert.es\\\/fr\\\/stores-coffres-electriques-sur-la-costa-brava\\\/\"]}]},{\"@type\":\"ImageObject\",\"inLanguage\":\"fr-FR\",\"@id\":\"https:\\\/\\\/solexpert.es\\\/fr\\\/stores-coffres-electriques-sur-la-costa-brava\\\/#primaryimage\",\"url\":\"https:\\\/\\\/solexpert.es\\\/wp-content\\\/uploads\\\/2023\\\/10\\\/2-1.png\",\"contentUrl\":\"https:\\\/\\\/solexpert.es\\\/wp-content\\\/uploads\\\/2023\\\/10\\\/2-1.png\",\"width\":925,\"height\":580},{\"@type\":\"BreadcrumbList\",\"@id\":\"https:\\\/\\\/solexpert.es\\\/fr\\\/stores-coffres-electriques-sur-la-costa-brava\\\/#breadcrumb\",\"itemListElement\":[{\"@type\":\"ListItem\",\"position\":1,\"name\":\"Inici\",\"item\":\"https:\\\/\\\/solexpert.es\\\/fr\\\/\"},{\"@type\":\"ListItem\",\"position\":2,\"name\":\"Stores coffres \u00e9lectriques sur la Costa Brava\"}]},{\"@type\":\"WebSite\",\"@id\":\"https:\\\/\\\/solexpert.info\\\/#website\",\"url\":\"https:\\\/\\\/solexpert.info\\\/\",\"name\":\"\u25b6 Venta de toldos en L&#039; Escala\",\"description\":\"\",\"publisher\":{\"@id\":\"https:\\\/\\\/solexpert.info\\\/#organization\"},\"potentialAction\":[{\"@type\":\"SearchAction\",\"target\":{\"@type\":\"EntryPoint\",\"urlTemplate\":\"https:\\\/\\\/solexpert.info\\\/?s={search_term_string}\"},\"query-input\":{\"@type\":\"PropertyValueSpecification\",\"valueRequired\":true,\"valueName\":\"search_term_string\"}}],\"inLanguage\":\"fr-FR\"},{\"@type\":\"Organization\",\"@id\":\"https:\\\/\\\/solexpert.info\\\/#organization\",\"name\":\"\u25b6 Venta de toldos en L&#039; Escala\",\"url\":\"https:\\\/\\\/solexpert.info\\\/\",\"logo\":{\"@type\":\"ImageObject\",\"inLanguage\":\"fr-FR\",\"@id\":\"https:\\\/\\\/solexpert.info\\\/#\\\/schema\\\/logo\\\/image\\\/\",\"url\":\"https:\\\/\\\/solexpert.es\\\/wp-content\\\/uploads\\\/2022\\\/04\\\/logo.png\",\"contentUrl\":\"https:\\\/\\\/solexpert.es\\\/wp-content\\\/uploads\\\/2022\\\/04\\\/logo.png\",\"width\":890,\"height\":500,\"caption\":\"\u25b6 Venta de toldos en L&#039; Escala\"},\"image\":{\"@id\":\"https:\\\/\\\/solexpert.info\\\/#\\\/schema\\\/logo\\\/image\\\/\"}},{\"@type\":\"Person\",\"@id\":\"https:\\\/\\\/solexpert.info\\\/#\\\/schema\\\/person\\\/e7958ef35e46dd8f211e1ecb58f89e63\",\"name\":\"SolExpert\",\"image\":{\"@type\":\"ImageObject\",\"inLanguage\":\"fr-FR\",\"@id\":\"https:\\\/\\\/secure.gravatar.com\\\/avatar\\\/aa67c96f91b1b94fa81c43a394ee67ccbe087a212f4a15a2f49020cfb1548dd1?s=96&d=mm&r=g\",\"url\":\"https:\\\/\\\/secure.gravatar.com\\\/avatar\\\/aa67c96f91b1b94fa81c43a394ee67ccbe087a212f4a15a2f49020cfb1548dd1?s=96&d=mm&r=g\",\"contentUrl\":\"https:\\\/\\\/secure.gravatar.com\\\/avatar\\\/aa67c96f91b1b94fa81c43a394ee67ccbe087a212f4a15a2f49020cfb1548dd1?s=96&d=mm&r=g\",\"caption\":\"SolExpert\"},\"sameAs\":[\"https:\\\/\\\/solexpert.info\"]}]}<\/script>\n<!-- \/ Yoast SEO plugin. -->","yoast_head_json":{"title":"Stores coffres \u00e9lectriques sur la Costa Brava I SolExpert","description":"Stores coffres \u00e9lectriques sur la Costa Brava. D\u00e9couvrez nos stores \u00e0 caisson \u00e9lectrique \u00e0 Empuriabrava. Visitez notre site Solexpert","robots":{"index":"index","follow":"follow","max-snippet":"max-snippet:-1","max-image-preview":"max-image-preview:large","max-video-preview":"max-video-preview:-1"},"canonical":"https:\/\/solexpert.es\/fr\/stores-coffres-electriques-sur-la-costa-brava\/","og_locale":"fr_FR","og_type":"article","og_title":"Stores coffres \u00e9lectriques sur la Costa Brava I SolExpert","og_description":"Stores coffres \u00e9lectriques sur la Costa Brava. D\u00e9couvrez nos stores \u00e0 caisson \u00e9lectrique \u00e0 Empuriabrava. Visitez notre site Solexpert","og_url":"https:\/\/solexpert.es\/fr\/stores-coffres-electriques-sur-la-costa-brava\/","og_site_name":"\u25b6 Venta de toldos en L&#039; Escala","article_published_time":"2024-05-09T12:36:51+00:00","article_modified_time":"2024-05-09T16:21:45+00:00","og_image":[{"width":925,"height":580,"url":"https:\/\/solexpert.es\/wp-content\/uploads\/2023\/10\/2-1.png","type":"image\/png"}],"author":"SolExpert","twitter_card":"summary_large_image","twitter_misc":{"\u00c9crit par":"SolExpert","Dur\u00e9e de lecture estim\u00e9e":"5 minutes"},"schema":{"@context":"https:\/\/schema.org","@graph":[{"@type":"Article","@id":"https:\/\/solexpert.es\/fr\/stores-coffres-electriques-sur-la-costa-brava\/#article","isPartOf":{"@id":"https:\/\/solexpert.es\/fr\/stores-coffres-electriques-sur-la-costa-brava\/"},"author":{"name":"SolExpert","@id":"https:\/\/solexpert.info\/#\/schema\/person\/e7958ef35e46dd8f211e1ecb58f89e63"},"headline":"Stores coffres \u00e9lectriques sur la Costa Brava","datePublished":"2024-05-09T12:36:51+00:00","dateModified":"2024-05-09T16:21:45+00:00","mainEntityOfPage":{"@id":"https:\/\/solexpert.es\/fr\/stores-coffres-electriques-sur-la-costa-brava\/"},"wordCount":775,"publisher":{"@id":"https:\/\/solexpert.info\/#organization"},"image":{"@id":"https:\/\/solexpert.es\/fr\/stores-coffres-electriques-sur-la-costa-brava\/#primaryimage"},"thumbnailUrl":"https:\/\/solexpert.es\/wp-content\/uploads\/2023\/10\/2-1.png","inLanguage":"fr-FR"},{"@type":"WebPage","@id":"https:\/\/solexpert.es\/fr\/stores-coffres-electriques-sur-la-costa-brava\/","url":"https:\/\/solexpert.es\/fr\/stores-coffres-electriques-sur-la-costa-brava\/","name":"Stores coffres \u00e9lectriques sur la Costa Brava I SolExpert","isPartOf":{"@id":"https:\/\/solexpert.info\/#website"},"primaryImageOfPage":{"@id":"https:\/\/solexpert.es\/fr\/stores-coffres-electriques-sur-la-costa-brava\/#primaryimage"},"image":{"@id":"https:\/\/solexpert.es\/fr\/stores-coffres-electriques-sur-la-costa-brava\/#primaryimage"},"thumbnailUrl":"https:\/\/solexpert.es\/wp-content\/uploads\/2023\/10\/2-1.png","datePublished":"2024-05-09T12:36:51+00:00","dateModified":"2024-05-09T16:21:45+00:00","description":"Stores coffres \u00e9lectriques sur la Costa Brava. D\u00e9couvrez nos stores \u00e0 caisson \u00e9lectrique \u00e0 Empuriabrava. Visitez notre site Solexpert","breadcrumb":{"@id":"https:\/\/solexpert.es\/fr\/stores-coffres-electriques-sur-la-costa-brava\/#breadcrumb"},"inLanguage":"fr-FR","potentialAction":[{"@type":"ReadAction","target":["https:\/\/solexpert.es\/fr\/stores-coffres-electriques-sur-la-costa-brava\/"]}]},{"@type":"ImageObject","inLanguage":"fr-FR","@id":"https:\/\/solexpert.es\/fr\/stores-coffres-electriques-sur-la-costa-brava\/#primaryimage","url":"https:\/\/solexpert.es\/wp-content\/uploads\/2023\/10\/2-1.png","contentUrl":"https:\/\/solexpert.es\/wp-content\/uploads\/2023\/10\/2-1.png","width":925,"height":580},{"@type":"BreadcrumbList","@id":"https:\/\/solexpert.es\/fr\/stores-coffres-electriques-sur-la-costa-brava\/#breadcrumb","itemListElement":[{"@type":"ListItem","position":1,"name":"Inici","item":"https:\/\/solexpert.es\/fr\/"},{"@type":"ListItem","position":2,"name":"Stores coffres \u00e9lectriques sur la Costa Brava"}]},{"@type":"WebSite","@id":"https:\/\/solexpert.info\/#website","url":"https:\/\/solexpert.info\/","name":"\u25b6 Venta de toldos en L&#039; Escala","description":"","publisher":{"@id":"https:\/\/solexpert.info\/#organization"},"potentialAction":[{"@type":"SearchAction","target":{"@type":"EntryPoint","urlTemplate":"https:\/\/solexpert.info\/?s={search_term_string}"},"query-input":{"@type":"PropertyValueSpecification","valueRequired":true,"valueName":"search_term_string"}}],"inLanguage":"fr-FR"},{"@type":"Organization","@id":"https:\/\/solexpert.info\/#organization","name":"\u25b6 Venta de toldos en L&#039; Escala","url":"https:\/\/solexpert.info\/","logo":{"@type":"ImageObject","inLanguage":"fr-FR","@id":"https:\/\/solexpert.info\/#\/schema\/logo\/image\/","url":"https:\/\/solexpert.es\/wp-content\/uploads\/2022\/04\/logo.png","contentUrl":"https:\/\/solexpert.es\/wp-content\/uploads\/2022\/04\/logo.png","width":890,"height":500,"caption":"\u25b6 Venta de toldos en L&#039; Escala"},"image":{"@id":"https:\/\/solexpert.info\/#\/schema\/logo\/image\/"}},{"@type":"Person","@id":"https:\/\/solexpert.info\/#\/schema\/person\/e7958ef35e46dd8f211e1ecb58f89e63","name":"SolExpert","image":{"@type":"ImageObject","inLanguage":"fr-FR","@id":"https:\/\/secure.gravatar.com\/avatar\/aa67c96f91b1b94fa81c43a394ee67ccbe087a212f4a15a2f49020cfb1548dd1?s=96&d=mm&r=g","url":"https:\/\/secure.gravatar.com\/avatar\/aa67c96f91b1b94fa81c43a394ee67ccbe087a212f4a15a2f49020cfb1548dd1?s=96&d=mm&r=g","contentUrl":"https:\/\/secure.gravatar.com\/avatar\/aa67c96f91b1b94fa81c43a394ee67ccbe087a212f4a15a2f49020cfb1548dd1?s=96&d=mm&r=g","caption":"SolExpert"},"sameAs":["https:\/\/solexpert.info"]}]}},"_links":{"self":[{"href":"https:\/\/solexpert.es\/fr\/wp-json\/wp\/v2\/posts\/6884","targetHints":{"allow":["GET"]}}],"collection":[{"href":"https:\/\/solexpert.es\/fr\/wp-json\/wp\/v2\/posts"}],"about":[{"href":"https:\/\/solexpert.es\/fr\/wp-json\/wp\/v2\/types\/post"}],"author":[{"embeddable":true,"href":"https:\/\/solexpert.es\/fr\/wp-json\/wp\/v2\/users\/1"}],"replies":[{"embeddable":true,"href":"https:\/\/solexpert.es\/fr\/wp-json\/wp\/v2\/comments?post=6884"}],"version-history":[{"count":1,"href":"https:\/\/solexpert.es\/fr\/wp-json\/wp\/v2\/posts\/6884\/revisions"}],"predecessor-version":[{"id":6885,"href":"https:\/\/solexpert.es\/fr\/wp-json\/wp\/v2\/posts\/6884\/revisions\/6885"}],"wp:featuredmedia":[{"embeddable":true,"href":"https:\/\/solexpert.es\/fr\/wp-json\/wp\/v2\/media\/6759"}],"wp:attachment":[{"href":"https:\/\/solexpert.es\/fr\/wp-json\/wp\/v2\/media?parent=6884"}],"wp:term":[{"taxonomy":"category","embeddable":true,"href":"https:\/\/solexpert.es\/fr\/wp-json\/wp\/v2\/categories?post=6884"},{"taxonomy":"post_tag","embeddable":true,"href":"https:\/\/solexpert.es\/fr\/wp-json\/wp\/v2\/tags?post=6884"}],"curies":[{"name":"wp","href":"https:\/\/api.w.org\/{rel}","templated":true}]}}