{"id":6890,"date":"2024-05-09T12:35:00","date_gmt":"2024-05-09T12:35:00","guid":{"rendered":"https:\/\/solexpert.es\/?p=6890"},"modified":"2024-05-09T21:22:01","modified_gmt":"2024-05-09T21:22:01","slug":"rideaux-venitiens-en-bois-sur-la-costa-brava","status":"publish","type":"post","link":"https:\/\/solexpert.es\/fr\/rideaux-venitiens-en-bois-sur-la-costa-brava","title":{"rendered":"Rideaux v\u00e9nitiens en bois sur la Costa Brava"},"content":{"rendered":"<p class=\"western\" align=\"left\">Sur la magnifique Costa Brava, o\u00f9 le soleil et la mer rencontrent des paysages impressionnants, il n\u2019y a pas de meilleure fa\u00e7on de compl\u00e9ter votre maison ou votre entreprise qu\u2019avec des stores v\u00e9nitiens en bois exclusifs. Ces stores, en plus d\u2019apporter une touche d\u2019\u00e9l\u00e9gance, offrent une s\u00e9rie d\u2019avantages fonctionnels qui en font le choix parfait pour prot\u00e9ger vos espaces du soleil, de la lumi\u00e8re et des regards indiscrets. Dans cet article, nous explorerons les diff\u00e9rents avantages qu\u2019offrent les stores v\u00e9nitiens en bois sur la Costa Brava et comment ils peuvent am\u00e9liorer votre style de vie. D\u00e9couvrez comment transformer vos fen\u00eatres avec cette option classique et sophistiqu\u00e9e\u00a0!<\/p>\n<p align=\"left\"><img fetchpriority=\"high\" decoding=\"async\" class=\"alignnone wp-image-6732 \" src=\"https:\/\/solexpert.es\/wp-content\/uploads\/2023\/08\/320740783_571038294855345_7496932753977105741_n-300x300.jpg\" alt=\" \" width=\"527\" height=\"527\" srcset=\"https:\/\/solexpert.es\/wp-content\/uploads\/2023\/08\/320740783_571038294855345_7496932753977105741_n-300x300.jpg 300w, https:\/\/solexpert.es\/wp-content\/uploads\/2023\/08\/320740783_571038294855345_7496932753977105741_n-1024x1024.jpg 1024w, https:\/\/solexpert.es\/wp-content\/uploads\/2023\/08\/320740783_571038294855345_7496932753977105741_n-150x150.jpg 150w, https:\/\/solexpert.es\/wp-content\/uploads\/2023\/08\/320740783_571038294855345_7496932753977105741_n-768x768.jpg 768w, https:\/\/solexpert.es\/wp-content\/uploads\/2023\/08\/320740783_571038294855345_7496932753977105741_n.jpg 1440w\" sizes=\"(max-width: 527px) 100vw, 527px\" \/><\/p>\n<h2 class=\"western\" align=\"left\"><em>Avantages des rideaux v\u00e9nitiens en bois sur la Costa Brava<\/em><\/h2>\n<ol>\n<li>\n<p class=\"western\" align=\"left\"><b>Style et sophistication<\/b>\u00a0: les rideaux v\u00e9nitiens en bois sont connus pour leur \u00e9l\u00e9gance et leur intemporalit\u00e9. Son design classique s\u2019adapte parfaitement \u00e0 tout style de d\u00e9coration, qu\u2019il soit moderne, rustique ou contemporain. De plus, le grain naturel du bois donne \u00e0 votre espace un aspect chaleureux et accueillant, cr\u00e9ant une atmosph\u00e8re unique dans chaque pi\u00e8ce.<\/p>\n<\/li>\n<li>\n<p class=\"western\" align=\"left\"><b>Contr\u00f4le de la lumi\u00e8re<\/b>\u00a0: sur la Costa Brava, o\u00f9 le soleil brille intens\u00e9ment pendant une grande partie de l\u2019ann\u00e9e, un contr\u00f4le ad\u00e9quat de la lumi\u00e8re est essentiel. Les rideaux v\u00e9nitiens en bois vous permettent de r\u00e9guler la quantit\u00e9 de lumi\u00e8re qui entre dans vos espaces, vous donnant la possibilit\u00e9 de cr\u00e9er des environnements agr\u00e9ables et confortables \u00e0 tout moment de la journ\u00e9e.<\/p>\n<\/li>\n<li>\n<p class=\"western\" align=\"left\"><b>Confidentialit\u00e9 et s\u00e9curit\u00e9<\/b>\u00a0: Si vous appr\u00e9ciez votre intimit\u00e9, les rideaux v\u00e9nitiens en bois sont id\u00e9aux pour vous. Vous pouvez facilement r\u00e9gler les lamelles pour emp\u00eacher les regards indiscrets de p\u00e9n\u00e9trer dans votre maison tout en conservant la lumi\u00e8re et la connexion avec l\u2019ext\u00e9rieur. De plus, lorsqu\u2019ils sont enti\u00e8rement ferm\u00e9s, ils offrent une couche de s\u00e9curit\u00e9 suppl\u00e9mentaire, prot\u00e9geant votre propri\u00e9t\u00e9 contre un vol potentiel.<\/p>\n<\/li>\n<li>\n<p class=\"western\" align=\"left\"><b>Isolation thermique et acoustique<\/b>\u00a0: le bois est un excellent isolant naturel, ce qui signifie que les stores v\u00e9nitiens en bois peuvent aider \u00e0 garder vos espaces frais en \u00e9t\u00e9 et chauds en hiver. . Ils contribuent \u00e9galement \u00e0 r\u00e9duire le bruit ext\u00e9rieur, ce qui est particuli\u00e8rement b\u00e9n\u00e9fique si vous habitez \u00e0 proximit\u00e9 de zones tr\u00e8s fr\u00e9quent\u00e9es ou bruyantes.<\/p>\n<\/li>\n<li>\n<p class=\"western\" align=\"left\"><b>Durabilit\u00e9 et entretien facile<\/b>\u00a0: les stores v\u00e9nitiens en bois sont fabriqu\u00e9s avec des mat\u00e9riaux de haute qualit\u00e9, ce qui les rend durables et r\u00e9sistants \u00e0 l\u2019usure quotidienne. De plus, son entretien est simple ; Nettoyez-les simplement p\u00e9riodiquement avec un chiffon humide pour conserver leur beaut\u00e9 et leur fonctionnalit\u00e9 pendant de nombreuses ann\u00e9es.<\/p>\n<\/li>\n<\/ol>\n<p><img decoding=\"async\" class=\"alignnone wp-image-6733\" src=\"https:\/\/solexpert.es\/wp-content\/uploads\/2023\/08\/320681802_945934479708643_3362170744527846282_n-300x300.jpg\" alt=\"\" width=\"532\" height=\"532\" srcset=\"https:\/\/solexpert.es\/wp-content\/uploads\/2023\/08\/320681802_945934479708643_3362170744527846282_n-300x300.jpg 300w, https:\/\/solexpert.es\/wp-content\/uploads\/2023\/08\/320681802_945934479708643_3362170744527846282_n-1024x1024.jpg 1024w, https:\/\/solexpert.es\/wp-content\/uploads\/2023\/08\/320681802_945934479708643_3362170744527846282_n-150x150.jpg 150w, https:\/\/solexpert.es\/wp-content\/uploads\/2023\/08\/320681802_945934479708643_3362170744527846282_n-768x768.jpg 768w, https:\/\/solexpert.es\/wp-content\/uploads\/2023\/08\/320681802_945934479708643_3362170744527846282_n.jpg 1440w\" sizes=\"(max-width: 532px) 100vw, 532px\" \/><\/p>\n<h3 class=\"western\" align=\"left\"><em>Demander un devis sans engagement<br \/>\n<\/em><\/h3>\n<p class=\"western\" align=\"left\">N\u2019attendez plus pour am\u00e9liorer l\u2019esth\u00e9tique et la fonctionnalit\u00e9 de vos fen\u00eatres sur la Costa Brava ! Si vous souhaitez ajouter une touche d\u2019\u00e9l\u00e9gance et de style \u00e0 vos espaces tout en profitant des multiples avantages des stores v\u00e9nitiens en bois, contactez-nous d\u00e8s maintenant. Dans notre magasin d\u2019auvents et stores, nous disposons d\u2019une large gamme de mod\u00e8les et de finitions qui s\u2019adapteront parfaitement \u00e0 vos besoins et pr\u00e9f\u00e9rences. Notre \u00e9quipe d\u2019experts se fera un plaisir de vous conseiller et de vous aider \u00e0 trouver l\u2019option id\u00e9ale pour vous.<\/p>\n<p class=\"western\" align=\"left\">Embellissez votre maison avec des rideaux v\u00e9nitiens en bois et profitez d\u2019une atmosph\u00e8re plus confortable et accueillante sur la Costa Brava !<\/p>\n","protected":false},"excerpt":{"rendered":"<p>Sur la magnifique Costa Brava, o&ugrave; le soleil et la mer rencontrent des paysages impressionnants, il n&rsquo;y a pas de meilleure fa&ccedil;on de compl&eacute;ter votre maison ou votre entreprise qu&rsquo;avec des stores v&eacute;nitiens en bois exclusifs. Ces stores, en plus d&rsquo;apporter une touche d&rsquo;&eacute;l&eacute;gance, offrent une s&eacute;rie d&rsquo;avantages fonctionnels qui en font le choix parfait pour prot&eacute;ger vos espaces du [&hellip;]<\/p>\n","protected":false},"author":1,"featured_media":6732,"comment_status":"closed","ping_status":"closed","sticky":false,"template":"","format":"standard","meta":{"_joinchat":[],"footnotes":""},"categories":[1],"tags":[],"class_list":["post-6890","post","type-post","status-publish","format-standard","has-post-thumbnail","hentry","category-sin-categorizar"],"yoast_head":"<!-- This site is optimized with the Yoast SEO plugin v27.5 - https:\/\/yoast.com\/product\/yoast-seo-wordpress\/ -->\n<title>Rideaux v\u00e9nitiens en bois sur la Costa Brava - Telf 97 277 22 19<\/title>\n<meta name=\"description\" content=\"Rideaux v\u00e9nitiens en bois sur la Costa Brava Ces stores, en plus d&#039;apporter une touche d&#039;\u00e9l\u00e9gance, offrent une s\u00e9rie d&#039;avantages.\" \/>\n<meta name=\"robots\" content=\"index, follow, max-snippet:-1, max-image-preview:large, max-video-preview:-1\" \/>\n<link rel=\"canonical\" href=\"https:\/\/solexpert.es\/fr\/rideaux-venitiens-en-bois-sur-la-costa-brava\/\" \/>\n<meta property=\"og:locale\" content=\"fr_FR\" \/>\n<meta property=\"og:type\" content=\"article\" \/>\n<meta property=\"og:title\" content=\"Rideaux v\u00e9nitiens en bois sur la Costa Brava - Telf 97 277 22 19\" \/>\n<meta property=\"og:description\" content=\"Rideaux v\u00e9nitiens en bois sur la Costa Brava Ces stores, en plus d&#039;apporter une touche d&#039;\u00e9l\u00e9gance, offrent une s\u00e9rie d&#039;avantages.\" \/>\n<meta property=\"og:url\" content=\"https:\/\/solexpert.es\/fr\/rideaux-venitiens-en-bois-sur-la-costa-brava\/\" \/>\n<meta property=\"og:site_name\" content=\"\u25b6 Venta de toldos en L&#039; Escala\" \/>\n<meta property=\"article:published_time\" content=\"2024-05-09T12:35:00+00:00\" \/>\n<meta property=\"article:modified_time\" content=\"2024-05-09T21:22:01+00:00\" \/>\n<meta property=\"og:image\" content=\"https:\/\/solexpert.es\/wp-content\/uploads\/2023\/08\/320740783_571038294855345_7496932753977105741_n.jpg\" \/>\n\t<meta property=\"og:image:width\" content=\"1440\" \/>\n\t<meta property=\"og:image:height\" content=\"1440\" \/>\n\t<meta property=\"og:image:type\" content=\"image\/jpeg\" \/>\n<meta name=\"author\" content=\"SolExpert\" \/>\n<meta name=\"twitter:card\" content=\"summary_large_image\" \/>\n<meta name=\"twitter:label1\" content=\"\u00c9crit par\" \/>\n\t<meta name=\"twitter:data1\" content=\"SolExpert\" \/>\n\t<meta name=\"twitter:label2\" content=\"Dur\u00e9e de lecture estim\u00e9e\" \/>\n\t<meta name=\"twitter:data2\" content=\"3 minutes\" \/>\n<script type=\"application\/ld+json\" class=\"yoast-schema-graph\">{\"@context\":\"https:\\\/\\\/schema.org\",\"@graph\":[{\"@type\":\"Article\",\"@id\":\"https:\\\/\\\/solexpert.es\\\/fr\\\/rideaux-venitiens-en-bois-sur-la-costa-brava\\\/#article\",\"isPartOf\":{\"@id\":\"https:\\\/\\\/solexpert.es\\\/fr\\\/rideaux-venitiens-en-bois-sur-la-costa-brava\\\/\"},\"author\":{\"name\":\"SolExpert\",\"@id\":\"https:\\\/\\\/solexpert.info\\\/#\\\/schema\\\/person\\\/e7958ef35e46dd8f211e1ecb58f89e63\"},\"headline\":\"Rideaux v\u00e9nitiens en bois sur la Costa Brava\",\"datePublished\":\"2024-05-09T12:35:00+00:00\",\"dateModified\":\"2024-05-09T21:22:01+00:00\",\"mainEntityOfPage\":{\"@id\":\"https:\\\/\\\/solexpert.es\\\/fr\\\/rideaux-venitiens-en-bois-sur-la-costa-brava\\\/\"},\"wordCount\":612,\"publisher\":{\"@id\":\"https:\\\/\\\/solexpert.info\\\/#organization\"},\"image\":{\"@id\":\"https:\\\/\\\/solexpert.es\\\/fr\\\/rideaux-venitiens-en-bois-sur-la-costa-brava\\\/#primaryimage\"},\"thumbnailUrl\":\"https:\\\/\\\/solexpert.es\\\/wp-content\\\/uploads\\\/2023\\\/08\\\/320740783_571038294855345_7496932753977105741_n.jpg\",\"articleSection\":[\"Sin categorizar\"],\"inLanguage\":\"fr-FR\"},{\"@type\":\"WebPage\",\"@id\":\"https:\\\/\\\/solexpert.es\\\/fr\\\/rideaux-venitiens-en-bois-sur-la-costa-brava\\\/\",\"url\":\"https:\\\/\\\/solexpert.es\\\/fr\\\/rideaux-venitiens-en-bois-sur-la-costa-brava\\\/\",\"name\":\"Rideaux v\u00e9nitiens en bois sur la Costa Brava - Telf 97 277 22 19\",\"isPartOf\":{\"@id\":\"https:\\\/\\\/solexpert.info\\\/#website\"},\"primaryImageOfPage\":{\"@id\":\"https:\\\/\\\/solexpert.es\\\/fr\\\/rideaux-venitiens-en-bois-sur-la-costa-brava\\\/#primaryimage\"},\"image\":{\"@id\":\"https:\\\/\\\/solexpert.es\\\/fr\\\/rideaux-venitiens-en-bois-sur-la-costa-brava\\\/#primaryimage\"},\"thumbnailUrl\":\"https:\\\/\\\/solexpert.es\\\/wp-content\\\/uploads\\\/2023\\\/08\\\/320740783_571038294855345_7496932753977105741_n.jpg\",\"datePublished\":\"2024-05-09T12:35:00+00:00\",\"dateModified\":\"2024-05-09T21:22:01+00:00\",\"description\":\"Rideaux v\u00e9nitiens en bois sur la Costa Brava Ces stores, en plus d'apporter une touche d'\u00e9l\u00e9gance, offrent une s\u00e9rie d'avantages.\",\"breadcrumb\":{\"@id\":\"https:\\\/\\\/solexpert.es\\\/fr\\\/rideaux-venitiens-en-bois-sur-la-costa-brava\\\/#breadcrumb\"},\"inLanguage\":\"fr-FR\",\"potentialAction\":[{\"@type\":\"ReadAction\",\"target\":[\"https:\\\/\\\/solexpert.es\\\/fr\\\/rideaux-venitiens-en-bois-sur-la-costa-brava\\\/\"]}]},{\"@type\":\"ImageObject\",\"inLanguage\":\"fr-FR\",\"@id\":\"https:\\\/\\\/solexpert.es\\\/fr\\\/rideaux-venitiens-en-bois-sur-la-costa-brava\\\/#primaryimage\",\"url\":\"https:\\\/\\\/solexpert.es\\\/wp-content\\\/uploads\\\/2023\\\/08\\\/320740783_571038294855345_7496932753977105741_n.jpg\",\"contentUrl\":\"https:\\\/\\\/solexpert.es\\\/wp-content\\\/uploads\\\/2023\\\/08\\\/320740783_571038294855345_7496932753977105741_n.jpg\",\"width\":1440,\"height\":1440},{\"@type\":\"BreadcrumbList\",\"@id\":\"https:\\\/\\\/solexpert.es\\\/fr\\\/rideaux-venitiens-en-bois-sur-la-costa-brava\\\/#breadcrumb\",\"itemListElement\":[{\"@type\":\"ListItem\",\"position\":1,\"name\":\"Inici\",\"item\":\"https:\\\/\\\/solexpert.es\\\/fr\\\/\"},{\"@type\":\"ListItem\",\"position\":2,\"name\":\"Rideaux v\u00e9nitiens en bois sur la Costa Brava\"}]},{\"@type\":\"WebSite\",\"@id\":\"https:\\\/\\\/solexpert.info\\\/#website\",\"url\":\"https:\\\/\\\/solexpert.info\\\/\",\"name\":\"\u25b6 Venta de toldos en L&#039; Escala\",\"description\":\"\",\"publisher\":{\"@id\":\"https:\\\/\\\/solexpert.info\\\/#organization\"},\"potentialAction\":[{\"@type\":\"SearchAction\",\"target\":{\"@type\":\"EntryPoint\",\"urlTemplate\":\"https:\\\/\\\/solexpert.info\\\/?s={search_term_string}\"},\"query-input\":{\"@type\":\"PropertyValueSpecification\",\"valueRequired\":true,\"valueName\":\"search_term_string\"}}],\"inLanguage\":\"fr-FR\"},{\"@type\":\"Organization\",\"@id\":\"https:\\\/\\\/solexpert.info\\\/#organization\",\"name\":\"\u25b6 Venta de toldos en L&#039; Escala\",\"url\":\"https:\\\/\\\/solexpert.info\\\/\",\"logo\":{\"@type\":\"ImageObject\",\"inLanguage\":\"fr-FR\",\"@id\":\"https:\\\/\\\/solexpert.info\\\/#\\\/schema\\\/logo\\\/image\\\/\",\"url\":\"https:\\\/\\\/solexpert.es\\\/wp-content\\\/uploads\\\/2022\\\/04\\\/logo.png\",\"contentUrl\":\"https:\\\/\\\/solexpert.es\\\/wp-content\\\/uploads\\\/2022\\\/04\\\/logo.png\",\"width\":890,\"height\":500,\"caption\":\"\u25b6 Venta de toldos en L&#039; Escala\"},\"image\":{\"@id\":\"https:\\\/\\\/solexpert.info\\\/#\\\/schema\\\/logo\\\/image\\\/\"}},{\"@type\":\"Person\",\"@id\":\"https:\\\/\\\/solexpert.info\\\/#\\\/schema\\\/person\\\/e7958ef35e46dd8f211e1ecb58f89e63\",\"name\":\"SolExpert\",\"image\":{\"@type\":\"ImageObject\",\"inLanguage\":\"fr-FR\",\"@id\":\"https:\\\/\\\/secure.gravatar.com\\\/avatar\\\/aa67c96f91b1b94fa81c43a394ee67ccbe087a212f4a15a2f49020cfb1548dd1?s=96&d=mm&r=g\",\"url\":\"https:\\\/\\\/secure.gravatar.com\\\/avatar\\\/aa67c96f91b1b94fa81c43a394ee67ccbe087a212f4a15a2f49020cfb1548dd1?s=96&d=mm&r=g\",\"contentUrl\":\"https:\\\/\\\/secure.gravatar.com\\\/avatar\\\/aa67c96f91b1b94fa81c43a394ee67ccbe087a212f4a15a2f49020cfb1548dd1?s=96&d=mm&r=g\",\"caption\":\"SolExpert\"},\"sameAs\":[\"https:\\\/\\\/solexpert.info\"]}]}<\/script>\n<!-- \/ Yoast SEO plugin. -->","yoast_head_json":{"title":"Rideaux v\u00e9nitiens en bois sur la Costa Brava - Telf 97 277 22 19","description":"Rideaux v\u00e9nitiens en bois sur la Costa Brava Ces stores, en plus d'apporter une touche d'\u00e9l\u00e9gance, offrent une s\u00e9rie d'avantages.","robots":{"index":"index","follow":"follow","max-snippet":"max-snippet:-1","max-image-preview":"max-image-preview:large","max-video-preview":"max-video-preview:-1"},"canonical":"https:\/\/solexpert.es\/fr\/rideaux-venitiens-en-bois-sur-la-costa-brava\/","og_locale":"fr_FR","og_type":"article","og_title":"Rideaux v\u00e9nitiens en bois sur la Costa Brava - Telf 97 277 22 19","og_description":"Rideaux v\u00e9nitiens en bois sur la Costa Brava Ces stores, en plus d'apporter une touche d'\u00e9l\u00e9gance, offrent une s\u00e9rie d'avantages.","og_url":"https:\/\/solexpert.es\/fr\/rideaux-venitiens-en-bois-sur-la-costa-brava\/","og_site_name":"\u25b6 Venta de toldos en L&#039; Escala","article_published_time":"2024-05-09T12:35:00+00:00","article_modified_time":"2024-05-09T21:22:01+00:00","og_image":[{"width":1440,"height":1440,"url":"https:\/\/solexpert.es\/wp-content\/uploads\/2023\/08\/320740783_571038294855345_7496932753977105741_n.jpg","type":"image\/jpeg"}],"author":"SolExpert","twitter_card":"summary_large_image","twitter_misc":{"\u00c9crit par":"SolExpert","Dur\u00e9e de lecture estim\u00e9e":"3 minutes"},"schema":{"@context":"https:\/\/schema.org","@graph":[{"@type":"Article","@id":"https:\/\/solexpert.es\/fr\/rideaux-venitiens-en-bois-sur-la-costa-brava\/#article","isPartOf":{"@id":"https:\/\/solexpert.es\/fr\/rideaux-venitiens-en-bois-sur-la-costa-brava\/"},"author":{"name":"SolExpert","@id":"https:\/\/solexpert.info\/#\/schema\/person\/e7958ef35e46dd8f211e1ecb58f89e63"},"headline":"Rideaux v\u00e9nitiens en bois sur la Costa Brava","datePublished":"2024-05-09T12:35:00+00:00","dateModified":"2024-05-09T21:22:01+00:00","mainEntityOfPage":{"@id":"https:\/\/solexpert.es\/fr\/rideaux-venitiens-en-bois-sur-la-costa-brava\/"},"wordCount":612,"publisher":{"@id":"https:\/\/solexpert.info\/#organization"},"image":{"@id":"https:\/\/solexpert.es\/fr\/rideaux-venitiens-en-bois-sur-la-costa-brava\/#primaryimage"},"thumbnailUrl":"https:\/\/solexpert.es\/wp-content\/uploads\/2023\/08\/320740783_571038294855345_7496932753977105741_n.jpg","articleSection":["Sin categorizar"],"inLanguage":"fr-FR"},{"@type":"WebPage","@id":"https:\/\/solexpert.es\/fr\/rideaux-venitiens-en-bois-sur-la-costa-brava\/","url":"https:\/\/solexpert.es\/fr\/rideaux-venitiens-en-bois-sur-la-costa-brava\/","name":"Rideaux v\u00e9nitiens en bois sur la Costa Brava - Telf 97 277 22 19","isPartOf":{"@id":"https:\/\/solexpert.info\/#website"},"primaryImageOfPage":{"@id":"https:\/\/solexpert.es\/fr\/rideaux-venitiens-en-bois-sur-la-costa-brava\/#primaryimage"},"image":{"@id":"https:\/\/solexpert.es\/fr\/rideaux-venitiens-en-bois-sur-la-costa-brava\/#primaryimage"},"thumbnailUrl":"https:\/\/solexpert.es\/wp-content\/uploads\/2023\/08\/320740783_571038294855345_7496932753977105741_n.jpg","datePublished":"2024-05-09T12:35:00+00:00","dateModified":"2024-05-09T21:22:01+00:00","description":"Rideaux v\u00e9nitiens en bois sur la Costa Brava Ces stores, en plus d'apporter une touche d'\u00e9l\u00e9gance, offrent une s\u00e9rie d'avantages.","breadcrumb":{"@id":"https:\/\/solexpert.es\/fr\/rideaux-venitiens-en-bois-sur-la-costa-brava\/#breadcrumb"},"inLanguage":"fr-FR","potentialAction":[{"@type":"ReadAction","target":["https:\/\/solexpert.es\/fr\/rideaux-venitiens-en-bois-sur-la-costa-brava\/"]}]},{"@type":"ImageObject","inLanguage":"fr-FR","@id":"https:\/\/solexpert.es\/fr\/rideaux-venitiens-en-bois-sur-la-costa-brava\/#primaryimage","url":"https:\/\/solexpert.es\/wp-content\/uploads\/2023\/08\/320740783_571038294855345_7496932753977105741_n.jpg","contentUrl":"https:\/\/solexpert.es\/wp-content\/uploads\/2023\/08\/320740783_571038294855345_7496932753977105741_n.jpg","width":1440,"height":1440},{"@type":"BreadcrumbList","@id":"https:\/\/solexpert.es\/fr\/rideaux-venitiens-en-bois-sur-la-costa-brava\/#breadcrumb","itemListElement":[{"@type":"ListItem","position":1,"name":"Inici","item":"https:\/\/solexpert.es\/fr\/"},{"@type":"ListItem","position":2,"name":"Rideaux v\u00e9nitiens en bois sur la Costa Brava"}]},{"@type":"WebSite","@id":"https:\/\/solexpert.info\/#website","url":"https:\/\/solexpert.info\/","name":"\u25b6 Venta de toldos en L&#039; Escala","description":"","publisher":{"@id":"https:\/\/solexpert.info\/#organization"},"potentialAction":[{"@type":"SearchAction","target":{"@type":"EntryPoint","urlTemplate":"https:\/\/solexpert.info\/?s={search_term_string}"},"query-input":{"@type":"PropertyValueSpecification","valueRequired":true,"valueName":"search_term_string"}}],"inLanguage":"fr-FR"},{"@type":"Organization","@id":"https:\/\/solexpert.info\/#organization","name":"\u25b6 Venta de toldos en L&#039; Escala","url":"https:\/\/solexpert.info\/","logo":{"@type":"ImageObject","inLanguage":"fr-FR","@id":"https:\/\/solexpert.info\/#\/schema\/logo\/image\/","url":"https:\/\/solexpert.es\/wp-content\/uploads\/2022\/04\/logo.png","contentUrl":"https:\/\/solexpert.es\/wp-content\/uploads\/2022\/04\/logo.png","width":890,"height":500,"caption":"\u25b6 Venta de toldos en L&#039; Escala"},"image":{"@id":"https:\/\/solexpert.info\/#\/schema\/logo\/image\/"}},{"@type":"Person","@id":"https:\/\/solexpert.info\/#\/schema\/person\/e7958ef35e46dd8f211e1ecb58f89e63","name":"SolExpert","image":{"@type":"ImageObject","inLanguage":"fr-FR","@id":"https:\/\/secure.gravatar.com\/avatar\/aa67c96f91b1b94fa81c43a394ee67ccbe087a212f4a15a2f49020cfb1548dd1?s=96&d=mm&r=g","url":"https:\/\/secure.gravatar.com\/avatar\/aa67c96f91b1b94fa81c43a394ee67ccbe087a212f4a15a2f49020cfb1548dd1?s=96&d=mm&r=g","contentUrl":"https:\/\/secure.gravatar.com\/avatar\/aa67c96f91b1b94fa81c43a394ee67ccbe087a212f4a15a2f49020cfb1548dd1?s=96&d=mm&r=g","caption":"SolExpert"},"sameAs":["https:\/\/solexpert.info"]}]}},"_links":{"self":[{"href":"https:\/\/solexpert.es\/fr\/wp-json\/wp\/v2\/posts\/6890","targetHints":{"allow":["GET"]}}],"collection":[{"href":"https:\/\/solexpert.es\/fr\/wp-json\/wp\/v2\/posts"}],"about":[{"href":"https:\/\/solexpert.es\/fr\/wp-json\/wp\/v2\/types\/post"}],"author":[{"embeddable":true,"href":"https:\/\/solexpert.es\/fr\/wp-json\/wp\/v2\/users\/1"}],"replies":[{"embeddable":true,"href":"https:\/\/solexpert.es\/fr\/wp-json\/wp\/v2\/comments?post=6890"}],"version-history":[{"count":2,"href":"https:\/\/solexpert.es\/fr\/wp-json\/wp\/v2\/posts\/6890\/revisions"}],"predecessor-version":[{"id":8300,"href":"https:\/\/solexpert.es\/fr\/wp-json\/wp\/v2\/posts\/6890\/revisions\/8300"}],"wp:featuredmedia":[{"embeddable":true,"href":"https:\/\/solexpert.es\/fr\/wp-json\/wp\/v2\/media\/6732"}],"wp:attachment":[{"href":"https:\/\/solexpert.es\/fr\/wp-json\/wp\/v2\/media?parent=6890"}],"wp:term":[{"taxonomy":"category","embeddable":true,"href":"https:\/\/solexpert.es\/fr\/wp-json\/wp\/v2\/categories?post=6890"},{"taxonomy":"post_tag","embeddable":true,"href":"https:\/\/solexpert.es\/fr\/wp-json\/wp\/v2\/tags?post=6890"}],"curies":[{"name":"wp","href":"https:\/\/api.w.org\/{rel}","templated":true}]}}