{"id":7029,"date":"2024-05-09T12:27:17","date_gmt":"2024-05-09T12:27:17","guid":{"rendered":"https:\/\/solexpert.es\/?p=7029"},"modified":"2024-05-09T21:20:42","modified_gmt":"2024-05-09T21:20:42","slug":"solutions-techniques-de-protection-solaire-sur-la-costa-brava","status":"publish","type":"post","link":"https:\/\/solexpert.es\/fr\/protection-solaire-sur-la-costa-brava","title":{"rendered":"Solutions techniques de protection solaire sur la Costa Brava"},"content":{"rendered":"<div class=\"flex flex-grow flex-col \u00e9cart-3\">\n<div class=\"min-h-[20px] flex flex-col items-start gap-4 whitespace-pre-wrap\">\n<div class=\"markdown prose w-full break-words dark:prose-invert dark\">\n<h2>Protection solaire sur la Costa Brava<\/h2>\n<p>La Costa Brava est connue pour son climat ensoleill\u00e9 et sa proximit\u00e9 avec la M\u00e9diterran\u00e9e, ce qui en fait une destination populaire pour ceux qui cherchent \u00e0 passer du temps en plein air. Cependant, le soleil peut \u00e9galement \u00eatre dangereux si les pr\u00e9cautions appropri\u00e9es ne sont pas prises, ce qui rend la protection solaire essentielle pour profiter des activit\u00e9s de plein air en toute s\u00e9curit\u00e9 et confortablement.<\/p>\n<p>L\u2019une des solutions techniques les plus courantes pour se prot\u00e9ger du soleil sur la Costa Brava sont les pergolas. Ces structures peuvent \u00eatre en bois ou en aluminium et sont con\u00e7ues pour offrir de l\u2019ombre et une protection contre le soleil. <strong>Les pergolas sont un choix populaire pour les terrasses, les patios et les jardins, et peuvent \u00eatre personnalis\u00e9es pour s\u2019adapter \u00e0 n\u2019importe quel espace ext\u00e9rieur<\/strong>. De plus, les pergolas peuvent \u00eatre \u00e9quip\u00e9es d\u2019une vari\u00e9t\u00e9 d\u2019accessoires pour am\u00e9liorer leur fonctionnalit\u00e9, tels que des rideaux lat\u00e9raux pour plus d\u2019intimit\u00e9 et une protection contre le vent.<\/p>\n<p>Les auvents sont une autre option populaire.<strong>Les auvents sont une solution simple et efficace pour se prot\u00e9ger du soleil sur la Costa Brava. Ceux-ci peuvent \u00eatre manuels ou automatiques et peuvent \u00eatre personnalis\u00e9s pour s\u2019adapter \u00e0 n\u2019importe quel espace ext\u00e9rieur. Les auvents sont install\u00e9s sur la fa\u00e7ade d\u2019une maison ou d\u2019un b\u00e2timent et s\u2019\u00e9tendent pour offrir de l\u2019ombre et une protection contre le soleil. Les auvents peuvent \u00eatre r\u00e9tractables ou fixes, permettant une plus grande flexibilit\u00e9 dans leur utilisation.<\/strong><\/p>\n<p><img fetchpriority=\"high\" decoding=\"async\" class=\"alignnone taille-moyenne wp-image-5996\" src=\"https:\/\/solexpert.es\/wp-content\/uploads\/2022\/08\/31b22b88-1e00-4485-880e-e828f426c487-300x169.jpg\" alt=\"\" width=\"474\" height=\"267\" srcset=\"https:\/\/solexpert.es\/wp-content\/uploads\/2022\/08\/31b22b88-1e00-4485-880e-e828f426c487-300x169.jpg 300w, https:\/\/solexpert.es\/wp-content\/uploads\/2022\/08\/31b22b88-1e00-4485-880e-e828f426c487-1024x576.jpg 1024w, https:\/\/solexpert.es\/wp-content\/uploads\/2022\/08\/31b22b88-1e00-4485-880e-e828f426c487-768x432.jpg 768w, https:\/\/solexpert.es\/wp-content\/uploads\/2022\/08\/31b22b88-1e00-4485-880e-e828f426c487-1536x864.jpg 1536w, https:\/\/solexpert.es\/wp-content\/uploads\/2022\/08\/31b22b88-1e00-4485-880e-e828f426c487-1800x1013.jpg 1800w, https:\/\/solexpert.es\/wp-content\/uploads\/2022\/08\/31b22b88-1e00-4485-880e-e828f426c487.jpg 2000w\" sizes=\"(max-width: 474px) 100vw, 474px\" \/><\/p>\n<p>De plus, les solutions de protection solaire peuvent \u00e9galement \u00eatre motoris\u00e9es. <strong>Les auvents motoris\u00e9s sont id\u00e9aux pour ceux qui recherchent une option de protection solaire simple et pratique. Ceux-ci peuvent \u00eatre contr\u00f4l\u00e9s via un interrupteur ou une t\u00e9l\u00e9commande, permettant une plus grande flexibilit\u00e9 d\u2019utilisation. Les pergolas motoris\u00e9es sont \u00e9galement une option populaire, vous permettant d\u2019ajuster la quantit\u00e9 d\u2019ombre et de protection solaire selon vos besoins.<\/strong><\/p>\n<p>Une autre solution technique pour se prot\u00e9ger du soleil sur la Costa Brava est l\u2019utilisation de mat\u00e9riaux sp\u00e9ciaux. Par exemple, des tissus sp\u00e9ciaux qui bloquent les rayons UV peuvent \u00eatre utilis\u00e9s pour fabriquer des auvents et des pergolas. Ces mat\u00e9riaux sont sp\u00e9cialement con\u00e7us pour bloquer les rayons ultraviolets nocifs, ce qui aide \u00e0 pr\u00e9venir les coups de soleil et \u00e0 r\u00e9duire le risque de cancer de la peau. Des mat\u00e9riaux sp\u00e9ciaux pour le toit de la pergola peuvent \u00e9galement \u00eatre utilis\u00e9s pour offrir une meilleure protection contre le soleil.<\/p>\n<p>En conclusion, <strong>les solutions techniques sp\u00e9cifiques pour la protection solaire sur la Costa Brava se concentrent sur les pergolas et les auvents, qui sont des structures con\u00e7ues pour fournir de l\u2019ombre et une protection contre le soleil<\/strong>. Ces options peuvent \u00eatre personnalis\u00e9es pour s\u2019adapter \u00e0 n\u2019importe quel espace ext\u00e9rieur et peuvent \u00eatre motoris\u00e9es pour plus de confort et de flexibilit\u00e9. De plus, des mat\u00e9riaux sp\u00e9ciaux peuvent \u00eatre utilis\u00e9s pour am\u00e9liorer la protection solaire et r\u00e9duire le risque de dommages caus\u00e9s par le soleil. Gr\u00e2ce \u00e0 ces solutions techniques, il est possible de profiter de la vie en plein air sur la Costa Brava en toute s\u00e9curit\u00e9 et confortablement.<\/p>\n<\/div>\n<\/div>\n<\/div>\n<div class=\"flex justifier-entre\">\n<div class=\"text-gray-400 flex self-end lg:self-center justifier-centre mt-2 gap-3 md:gap-4 lg:gap-1 lg:absolu lg:top-0 lg:translate- x-full lg:right-0 lg:mt-0 lg:pl-2 visible\"><\/div>\n<\/div>\n","protected":false},"excerpt":{"rendered":"<p>Protection solaire sur la Costa Brava La Costa Brava est connue pour son climat ensoleill&eacute; et sa proximit&eacute; avec la M&eacute;diterran&eacute;e, ce qui en fait une destination populaire pour ceux qui cherchent &agrave; passer du temps en plein air. Cependant, le soleil peut &eacute;galement &ecirc;tre dangereux si les pr&eacute;cautions appropri&eacute;es ne sont pas prises, ce qui rend la protection solaire [&hellip;]<\/p>\n","protected":false},"author":1,"featured_media":6285,"comment_status":"closed","ping_status":"closed","sticky":false,"template":"","format":"standard","meta":{"_joinchat":[],"footnotes":""},"categories":[1],"tags":[],"class_list":["post-7029","post","type-post","status-publish","format-standard","has-post-thumbnail","hentry","category-sin-categorizar"],"yoast_head":"<!-- This site is optimized with the Yoast SEO plugin v27.5 - https:\/\/yoast.com\/product\/yoast-seo-wordpress\/ -->\n<title>Solutions techniques de protection solaire sur la Costa Brava<\/title>\n<meta name=\"description\" content=\"Solutions techniques de protection solaire sur la Costa Brava. Les auvents motoris\u00e9s sont id\u00e9aux pour ceux qui recherchent un\" \/>\n<meta name=\"robots\" content=\"index, follow, max-snippet:-1, max-image-preview:large, max-video-preview:-1\" \/>\n<link rel=\"canonical\" href=\"https:\/\/solexpert.es\/fr\/protection-solaire-sur-la-costa-brava\/\" \/>\n<meta property=\"og:locale\" content=\"fr_FR\" \/>\n<meta property=\"og:type\" content=\"article\" \/>\n<meta property=\"og:title\" content=\"Solutions techniques de protection solaire sur la Costa Brava\" \/>\n<meta property=\"og:description\" content=\"Solutions techniques de protection solaire sur la Costa Brava. Les auvents motoris\u00e9s sont id\u00e9aux pour ceux qui recherchent un\" \/>\n<meta property=\"og:url\" content=\"https:\/\/solexpert.es\/fr\/protection-solaire-sur-la-costa-brava\/\" \/>\n<meta property=\"og:site_name\" content=\"\u25b6 Venta de toldos en L&#039; Escala\" \/>\n<meta property=\"article:published_time\" content=\"2024-05-09T12:27:17+00:00\" \/>\n<meta property=\"article:modified_time\" content=\"2024-05-09T21:20:42+00:00\" \/>\n<meta property=\"og:image\" content=\"https:\/\/solexpert.es\/wp-content\/uploads\/2022\/08\/2ede7b54-c507-4116-9e1f-083ef34b5441-1-1.jpg\" \/>\n\t<meta property=\"og:image:width\" content=\"2048\" \/>\n\t<meta property=\"og:image:height\" content=\"1532\" \/>\n\t<meta property=\"og:image:type\" content=\"image\/jpeg\" \/>\n<meta name=\"author\" content=\"SolExpert\" \/>\n<meta name=\"twitter:card\" content=\"summary_large_image\" \/>\n<meta name=\"twitter:label1\" content=\"\u00c9crit par\" \/>\n\t<meta name=\"twitter:data1\" content=\"SolExpert\" \/>\n\t<meta name=\"twitter:label2\" content=\"Dur\u00e9e de lecture estim\u00e9e\" \/>\n\t<meta name=\"twitter:data2\" content=\"3 minutes\" \/>\n<script type=\"application\/ld+json\" class=\"yoast-schema-graph\">{\"@context\":\"https:\\\/\\\/schema.org\",\"@graph\":[{\"@type\":\"Article\",\"@id\":\"https:\\\/\\\/solexpert.es\\\/fr\\\/protection-solaire-sur-la-costa-brava\\\/#article\",\"isPartOf\":{\"@id\":\"https:\\\/\\\/solexpert.es\\\/fr\\\/protection-solaire-sur-la-costa-brava\\\/\"},\"author\":{\"name\":\"SolExpert\",\"@id\":\"https:\\\/\\\/solexpert.info\\\/#\\\/schema\\\/person\\\/e7958ef35e46dd8f211e1ecb58f89e63\"},\"headline\":\"Solutions techniques de protection solaire sur la Costa Brava\",\"datePublished\":\"2024-05-09T12:27:17+00:00\",\"dateModified\":\"2024-05-09T21:20:42+00:00\",\"mainEntityOfPage\":{\"@id\":\"https:\\\/\\\/solexpert.es\\\/fr\\\/protection-solaire-sur-la-costa-brava\\\/\"},\"wordCount\":586,\"publisher\":{\"@id\":\"https:\\\/\\\/solexpert.info\\\/#organization\"},\"image\":{\"@id\":\"https:\\\/\\\/solexpert.es\\\/fr\\\/protection-solaire-sur-la-costa-brava\\\/#primaryimage\"},\"thumbnailUrl\":\"https:\\\/\\\/solexpert.es\\\/wp-content\\\/uploads\\\/2022\\\/08\\\/2ede7b54-c507-4116-9e1f-083ef34b5441-1-1.jpg\",\"articleSection\":[\"Sin categorizar\"],\"inLanguage\":\"fr-FR\"},{\"@type\":\"WebPage\",\"@id\":\"https:\\\/\\\/solexpert.es\\\/fr\\\/protection-solaire-sur-la-costa-brava\\\/\",\"url\":\"https:\\\/\\\/solexpert.es\\\/fr\\\/protection-solaire-sur-la-costa-brava\\\/\",\"name\":\"Solutions techniques de protection solaire sur la Costa Brava\",\"isPartOf\":{\"@id\":\"https:\\\/\\\/solexpert.info\\\/#website\"},\"primaryImageOfPage\":{\"@id\":\"https:\\\/\\\/solexpert.es\\\/fr\\\/protection-solaire-sur-la-costa-brava\\\/#primaryimage\"},\"image\":{\"@id\":\"https:\\\/\\\/solexpert.es\\\/fr\\\/protection-solaire-sur-la-costa-brava\\\/#primaryimage\"},\"thumbnailUrl\":\"https:\\\/\\\/solexpert.es\\\/wp-content\\\/uploads\\\/2022\\\/08\\\/2ede7b54-c507-4116-9e1f-083ef34b5441-1-1.jpg\",\"datePublished\":\"2024-05-09T12:27:17+00:00\",\"dateModified\":\"2024-05-09T21:20:42+00:00\",\"description\":\"Solutions techniques de protection solaire sur la Costa Brava. Les auvents motoris\u00e9s sont id\u00e9aux pour ceux qui recherchent un\",\"breadcrumb\":{\"@id\":\"https:\\\/\\\/solexpert.es\\\/fr\\\/protection-solaire-sur-la-costa-brava\\\/#breadcrumb\"},\"inLanguage\":\"fr-FR\",\"potentialAction\":[{\"@type\":\"ReadAction\",\"target\":[\"https:\\\/\\\/solexpert.es\\\/fr\\\/protection-solaire-sur-la-costa-brava\\\/\"]}]},{\"@type\":\"ImageObject\",\"inLanguage\":\"fr-FR\",\"@id\":\"https:\\\/\\\/solexpert.es\\\/fr\\\/protection-solaire-sur-la-costa-brava\\\/#primaryimage\",\"url\":\"https:\\\/\\\/solexpert.es\\\/wp-content\\\/uploads\\\/2022\\\/08\\\/2ede7b54-c507-4116-9e1f-083ef34b5441-1-1.jpg\",\"contentUrl\":\"https:\\\/\\\/solexpert.es\\\/wp-content\\\/uploads\\\/2022\\\/08\\\/2ede7b54-c507-4116-9e1f-083ef34b5441-1-1.jpg\",\"width\":2048,\"height\":1532},{\"@type\":\"BreadcrumbList\",\"@id\":\"https:\\\/\\\/solexpert.es\\\/fr\\\/protection-solaire-sur-la-costa-brava\\\/#breadcrumb\",\"itemListElement\":[{\"@type\":\"ListItem\",\"position\":1,\"name\":\"Inici\",\"item\":\"https:\\\/\\\/solexpert.es\\\/fr\\\/\"},{\"@type\":\"ListItem\",\"position\":2,\"name\":\"Solutions techniques de protection solaire sur la Costa Brava\"}]},{\"@type\":\"WebSite\",\"@id\":\"https:\\\/\\\/solexpert.info\\\/#website\",\"url\":\"https:\\\/\\\/solexpert.info\\\/\",\"name\":\"\u25b6 Venta de toldos en L&#039; Escala\",\"description\":\"\",\"publisher\":{\"@id\":\"https:\\\/\\\/solexpert.info\\\/#organization\"},\"potentialAction\":[{\"@type\":\"SearchAction\",\"target\":{\"@type\":\"EntryPoint\",\"urlTemplate\":\"https:\\\/\\\/solexpert.info\\\/?s={search_term_string}\"},\"query-input\":{\"@type\":\"PropertyValueSpecification\",\"valueRequired\":true,\"valueName\":\"search_term_string\"}}],\"inLanguage\":\"fr-FR\"},{\"@type\":\"Organization\",\"@id\":\"https:\\\/\\\/solexpert.info\\\/#organization\",\"name\":\"\u25b6 Venta de toldos en L&#039; Escala\",\"url\":\"https:\\\/\\\/solexpert.info\\\/\",\"logo\":{\"@type\":\"ImageObject\",\"inLanguage\":\"fr-FR\",\"@id\":\"https:\\\/\\\/solexpert.info\\\/#\\\/schema\\\/logo\\\/image\\\/\",\"url\":\"https:\\\/\\\/solexpert.es\\\/wp-content\\\/uploads\\\/2022\\\/04\\\/logo.png\",\"contentUrl\":\"https:\\\/\\\/solexpert.es\\\/wp-content\\\/uploads\\\/2022\\\/04\\\/logo.png\",\"width\":890,\"height\":500,\"caption\":\"\u25b6 Venta de toldos en L&#039; Escala\"},\"image\":{\"@id\":\"https:\\\/\\\/solexpert.info\\\/#\\\/schema\\\/logo\\\/image\\\/\"}},{\"@type\":\"Person\",\"@id\":\"https:\\\/\\\/solexpert.info\\\/#\\\/schema\\\/person\\\/e7958ef35e46dd8f211e1ecb58f89e63\",\"name\":\"SolExpert\",\"image\":{\"@type\":\"ImageObject\",\"inLanguage\":\"fr-FR\",\"@id\":\"https:\\\/\\\/secure.gravatar.com\\\/avatar\\\/aa67c96f91b1b94fa81c43a394ee67ccbe087a212f4a15a2f49020cfb1548dd1?s=96&d=mm&r=g\",\"url\":\"https:\\\/\\\/secure.gravatar.com\\\/avatar\\\/aa67c96f91b1b94fa81c43a394ee67ccbe087a212f4a15a2f49020cfb1548dd1?s=96&d=mm&r=g\",\"contentUrl\":\"https:\\\/\\\/secure.gravatar.com\\\/avatar\\\/aa67c96f91b1b94fa81c43a394ee67ccbe087a212f4a15a2f49020cfb1548dd1?s=96&d=mm&r=g\",\"caption\":\"SolExpert\"},\"sameAs\":[\"https:\\\/\\\/solexpert.info\"]}]}<\/script>\n<!-- \/ Yoast SEO plugin. -->","yoast_head_json":{"title":"Solutions techniques de protection solaire sur la Costa Brava","description":"Solutions techniques de protection solaire sur la Costa Brava. Les auvents motoris\u00e9s sont id\u00e9aux pour ceux qui recherchent un","robots":{"index":"index","follow":"follow","max-snippet":"max-snippet:-1","max-image-preview":"max-image-preview:large","max-video-preview":"max-video-preview:-1"},"canonical":"https:\/\/solexpert.es\/fr\/protection-solaire-sur-la-costa-brava\/","og_locale":"fr_FR","og_type":"article","og_title":"Solutions techniques de protection solaire sur la Costa Brava","og_description":"Solutions techniques de protection solaire sur la Costa Brava. Les auvents motoris\u00e9s sont id\u00e9aux pour ceux qui recherchent un","og_url":"https:\/\/solexpert.es\/fr\/protection-solaire-sur-la-costa-brava\/","og_site_name":"\u25b6 Venta de toldos en L&#039; Escala","article_published_time":"2024-05-09T12:27:17+00:00","article_modified_time":"2024-05-09T21:20:42+00:00","og_image":[{"width":2048,"height":1532,"url":"https:\/\/solexpert.es\/wp-content\/uploads\/2022\/08\/2ede7b54-c507-4116-9e1f-083ef34b5441-1-1.jpg","type":"image\/jpeg"}],"author":"SolExpert","twitter_card":"summary_large_image","twitter_misc":{"\u00c9crit par":"SolExpert","Dur\u00e9e de lecture estim\u00e9e":"3 minutes"},"schema":{"@context":"https:\/\/schema.org","@graph":[{"@type":"Article","@id":"https:\/\/solexpert.es\/fr\/protection-solaire-sur-la-costa-brava\/#article","isPartOf":{"@id":"https:\/\/solexpert.es\/fr\/protection-solaire-sur-la-costa-brava\/"},"author":{"name":"SolExpert","@id":"https:\/\/solexpert.info\/#\/schema\/person\/e7958ef35e46dd8f211e1ecb58f89e63"},"headline":"Solutions techniques de protection solaire sur la Costa Brava","datePublished":"2024-05-09T12:27:17+00:00","dateModified":"2024-05-09T21:20:42+00:00","mainEntityOfPage":{"@id":"https:\/\/solexpert.es\/fr\/protection-solaire-sur-la-costa-brava\/"},"wordCount":586,"publisher":{"@id":"https:\/\/solexpert.info\/#organization"},"image":{"@id":"https:\/\/solexpert.es\/fr\/protection-solaire-sur-la-costa-brava\/#primaryimage"},"thumbnailUrl":"https:\/\/solexpert.es\/wp-content\/uploads\/2022\/08\/2ede7b54-c507-4116-9e1f-083ef34b5441-1-1.jpg","articleSection":["Sin categorizar"],"inLanguage":"fr-FR"},{"@type":"WebPage","@id":"https:\/\/solexpert.es\/fr\/protection-solaire-sur-la-costa-brava\/","url":"https:\/\/solexpert.es\/fr\/protection-solaire-sur-la-costa-brava\/","name":"Solutions techniques de protection solaire sur la Costa Brava","isPartOf":{"@id":"https:\/\/solexpert.info\/#website"},"primaryImageOfPage":{"@id":"https:\/\/solexpert.es\/fr\/protection-solaire-sur-la-costa-brava\/#primaryimage"},"image":{"@id":"https:\/\/solexpert.es\/fr\/protection-solaire-sur-la-costa-brava\/#primaryimage"},"thumbnailUrl":"https:\/\/solexpert.es\/wp-content\/uploads\/2022\/08\/2ede7b54-c507-4116-9e1f-083ef34b5441-1-1.jpg","datePublished":"2024-05-09T12:27:17+00:00","dateModified":"2024-05-09T21:20:42+00:00","description":"Solutions techniques de protection solaire sur la Costa Brava. Les auvents motoris\u00e9s sont id\u00e9aux pour ceux qui recherchent un","breadcrumb":{"@id":"https:\/\/solexpert.es\/fr\/protection-solaire-sur-la-costa-brava\/#breadcrumb"},"inLanguage":"fr-FR","potentialAction":[{"@type":"ReadAction","target":["https:\/\/solexpert.es\/fr\/protection-solaire-sur-la-costa-brava\/"]}]},{"@type":"ImageObject","inLanguage":"fr-FR","@id":"https:\/\/solexpert.es\/fr\/protection-solaire-sur-la-costa-brava\/#primaryimage","url":"https:\/\/solexpert.es\/wp-content\/uploads\/2022\/08\/2ede7b54-c507-4116-9e1f-083ef34b5441-1-1.jpg","contentUrl":"https:\/\/solexpert.es\/wp-content\/uploads\/2022\/08\/2ede7b54-c507-4116-9e1f-083ef34b5441-1-1.jpg","width":2048,"height":1532},{"@type":"BreadcrumbList","@id":"https:\/\/solexpert.es\/fr\/protection-solaire-sur-la-costa-brava\/#breadcrumb","itemListElement":[{"@type":"ListItem","position":1,"name":"Inici","item":"https:\/\/solexpert.es\/fr\/"},{"@type":"ListItem","position":2,"name":"Solutions techniques de protection solaire sur la Costa Brava"}]},{"@type":"WebSite","@id":"https:\/\/solexpert.info\/#website","url":"https:\/\/solexpert.info\/","name":"\u25b6 Venta de toldos en L&#039; Escala","description":"","publisher":{"@id":"https:\/\/solexpert.info\/#organization"},"potentialAction":[{"@type":"SearchAction","target":{"@type":"EntryPoint","urlTemplate":"https:\/\/solexpert.info\/?s={search_term_string}"},"query-input":{"@type":"PropertyValueSpecification","valueRequired":true,"valueName":"search_term_string"}}],"inLanguage":"fr-FR"},{"@type":"Organization","@id":"https:\/\/solexpert.info\/#organization","name":"\u25b6 Venta de toldos en L&#039; Escala","url":"https:\/\/solexpert.info\/","logo":{"@type":"ImageObject","inLanguage":"fr-FR","@id":"https:\/\/solexpert.info\/#\/schema\/logo\/image\/","url":"https:\/\/solexpert.es\/wp-content\/uploads\/2022\/04\/logo.png","contentUrl":"https:\/\/solexpert.es\/wp-content\/uploads\/2022\/04\/logo.png","width":890,"height":500,"caption":"\u25b6 Venta de toldos en L&#039; Escala"},"image":{"@id":"https:\/\/solexpert.info\/#\/schema\/logo\/image\/"}},{"@type":"Person","@id":"https:\/\/solexpert.info\/#\/schema\/person\/e7958ef35e46dd8f211e1ecb58f89e63","name":"SolExpert","image":{"@type":"ImageObject","inLanguage":"fr-FR","@id":"https:\/\/secure.gravatar.com\/avatar\/aa67c96f91b1b94fa81c43a394ee67ccbe087a212f4a15a2f49020cfb1548dd1?s=96&d=mm&r=g","url":"https:\/\/secure.gravatar.com\/avatar\/aa67c96f91b1b94fa81c43a394ee67ccbe087a212f4a15a2f49020cfb1548dd1?s=96&d=mm&r=g","contentUrl":"https:\/\/secure.gravatar.com\/avatar\/aa67c96f91b1b94fa81c43a394ee67ccbe087a212f4a15a2f49020cfb1548dd1?s=96&d=mm&r=g","caption":"SolExpert"},"sameAs":["https:\/\/solexpert.info"]}]}},"_links":{"self":[{"href":"https:\/\/solexpert.es\/fr\/wp-json\/wp\/v2\/posts\/7029","targetHints":{"allow":["GET"]}}],"collection":[{"href":"https:\/\/solexpert.es\/fr\/wp-json\/wp\/v2\/posts"}],"about":[{"href":"https:\/\/solexpert.es\/fr\/wp-json\/wp\/v2\/types\/post"}],"author":[{"embeddable":true,"href":"https:\/\/solexpert.es\/fr\/wp-json\/wp\/v2\/users\/1"}],"replies":[{"embeddable":true,"href":"https:\/\/solexpert.es\/fr\/wp-json\/wp\/v2\/comments?post=7029"}],"version-history":[{"count":3,"href":"https:\/\/solexpert.es\/fr\/wp-json\/wp\/v2\/posts\/7029\/revisions"}],"predecessor-version":[{"id":8297,"href":"https:\/\/solexpert.es\/fr\/wp-json\/wp\/v2\/posts\/7029\/revisions\/8297"}],"wp:featuredmedia":[{"embeddable":true,"href":"https:\/\/solexpert.es\/fr\/wp-json\/wp\/v2\/media\/6285"}],"wp:attachment":[{"href":"https:\/\/solexpert.es\/fr\/wp-json\/wp\/v2\/media?parent=7029"}],"wp:term":[{"taxonomy":"category","embeddable":true,"href":"https:\/\/solexpert.es\/fr\/wp-json\/wp\/v2\/categories?post=7029"},{"taxonomy":"post_tag","embeddable":true,"href":"https:\/\/solexpert.es\/fr\/wp-json\/wp\/v2\/tags?post=7029"}],"curies":[{"name":"wp","href":"https:\/\/api.w.org\/{rel}","templated":true}]}}