{"id":7043,"date":"2024-05-09T12:17:52","date_gmt":"2024-05-09T12:17:52","guid":{"rendered":"https:\/\/solexpert.es\/?p=7043"},"modified":"2024-05-09T21:11:43","modified_gmt":"2024-05-09T21:11:43","slug":"quel-auvent-correspond-le-mieux-a-vos-besoins","status":"publish","type":"post","link":"https:\/\/solexpert.es\/fr\/quel-auvent-correspond-le-mieux-a-vos-besoins","title":{"rendered":"Quel auvent correspond le mieux \u00e0 vos besoins"},"content":{"rendered":"<p style=\"text-align: justifier;\">Les auvents constituent un excellent ajout \u00e0 l\u2019esth\u00e9tique et \u00e0 la fonctionnalit\u00e9 des espaces commerciaux ext\u00e9rieurs et des vitrines. Ces rev\u00eatements offrent une protection contre la lumi\u00e8re du soleil et la pluie et peuvent renforcer l\u2019attrait visuel des devantures de magasins ou des terrasses autrement \u00ab\u00a0nues\u00a0\u00bb.<\/p>\n<p style=\"text-align: justifier;\">Choisir quel auvent convient le mieux \u00e0 votre entreprise ou \u00e0 votre propri\u00e9t\u00e9 commerciale peut \u00eatre une d\u00e9cision difficile. Si vous d\u00e9butez dans l\u2019achat d\u2019auvents r\u00e9tractables ou d\u2019autres fournitures pour auvents, vous ne savez peut-\u00eatre pas par o\u00f9 commencer. Chez Solexpert, installation d\u2019auvents \u00e0 l\u2019Escala, nous aidons nos clients \u00e0 faire des investissements \u00e9clair\u00e9s dans l\u2019apparence et la fonction de leurs espaces commerciaux. Ci-dessous, nous parlons de certains des facteurs que vous devez prendre en compte lors du d\u00e9marrage de votre processus d\u2019achat d\u2019auvent.<\/p>\n<h3 style=\"text-align: justifier;\">1. Fonction<\/h3>\n<p style=\"text-align: justifier;\">Lors de l\u2019achat d\u2019un auvent, l\u2019un des facteurs les plus essentiels \u00e0 prendre en compte reste la fonction pr\u00e9vue de l\u2019auvent. Qu\u2019apporterait un auvent pour votre espace commercial ? En g\u00e9n\u00e9ral, la plupart des entreprises ach\u00e8tent des auvents pour l\u2019une des deux raisons principales.<\/p>\n<p style=\"text-align: justifier;\"><strong>Auvent de vitrine<\/strong><\/p>\n<p style=\"text-align: justifier;\">En tant qu\u2019un des principaux types d\u2019auvents commerciaux, les auvents de devanture de magasin offrent un moyen abordable et pratique d\u2019embellir l\u2019ext\u00e9rieur d\u2019une entreprise. En prime, ces accessoires offrent \u00e9galement une protection contre les \u00e9l\u00e9ments pour les clients, les pr\u00e9sentoirs en magasin, la signalisation et bien plus encore.<\/p>\n<p style=\"text-align: justifier;\"><strong>Auvent pour restaurant<\/strong><\/p>\n<p style=\"text-align: justifier;\">Au-del\u00e0 des vitrines de magasins de d\u00e9tail, les restaurateurs utilisent souvent des auvents pour couvrir les terrasses ou les espaces de restauration ext\u00e9rieurs. En raison de la taille typique des zones couvertes par ces auvents, les auvents des restaurants commerciaux sont g\u00e9n\u00e9ralement plus grands que les auvents des vitrines et sont fabriqu\u00e9s \u00e0 partir de mat\u00e9riaux trait\u00e9s diff\u00e9rents.<\/p>\n<p><img fetchpriority=\"high\" decoding=\"async\" class=\"alignnone wp-image-5551\" src=\"https:\/\/solexpert.es\/wp-content\/uploads\/2022\/06\/3f777309-e7f8-43fb-8eba-4c9399167a20-2-300x224.jpg\" alt=\"\" width=\"415\" height=\"310\" srcset=\"https:\/\/solexpert.es\/wp-content\/uploads\/2022\/06\/3f777309-e7f8-43fb-8eba-4c9399167a20-2-300x224.jpg 300w, https:\/\/solexpert.es\/wp-content\/uploads\/2022\/06\/3f777309-e7f8-43fb-8eba-4c9399167a20-2-1024x766.jpg 1024w, https:\/\/solexpert.es\/wp-content\/uploads\/2022\/06\/3f777309-e7f8-43fb-8eba-4c9399167a20-2-768x575.jpg 768w, https:\/\/solexpert.es\/wp-content\/uploads\/2022\/06\/3f777309-e7f8-43fb-8eba-4c9399167a20-2-1536x1149.jpg 1536w, https:\/\/solexpert.es\/wp-content\/uploads\/2022\/06\/3f777309-e7f8-43fb-8eba-4c9399167a20-2-80x60.jpg 80w, https:\/\/solexpert.es\/wp-content\/uploads\/2022\/06\/elementor\/thumbs\/3f777309-e7f8-43fb-8eba-4c9399167a20-2-pr0uoy8rz18f540r3hiii6swhfctqac4ymi8ygflfm.jpg 359w, https:\/\/solexpert.es\/wp-content\/uploads\/2022\/06\/3f777309-e7f8-43fb-8eba-4c9399167a20-2.jpg 1600w\" sizes=\"(max-width: 415px) 100vw, 415px\" \/><\/p>\n<p style=\"text-align: justifier;\">Si vous avez choisi d\u2019ajouter un auvent \u00e0 votre espace commercial, l\u2019utilisation pr\u00e9vue vous guidera dans la prise de d\u00e9cisions concernant la taille, le style, la couleur, etc. Commencez votre processus d\u2019achat en ayant une id\u00e9e claire de ce que vous souhaitez qu\u2019un auvent apporte \u00e0 votre espace.<\/p>\n<h3 style=\"text-align: justifier;\">2. Taille<\/h3>\n<p style=\"text-align: justifier;\">Lorsque vous avez un objectif clair en t\u00eate pour votre auvent commercial, il est temps de r\u00e9fl\u00e9chir aux dimensions. La taille aide \u00e0 d\u00e9terminer les mat\u00e9riaux, les styles et les couleurs disponibles et a un impact sur le prix et les fonctionnalit\u00e9s telles que la r\u00e9traction ou le mouvement assist\u00e9 par moteur.<\/p>\n<p style=\"text-align: justifier;\">Conna\u00eetre la taille g\u00e9n\u00e9rale que vous souhaitez pour votre auvent commercial peut vous aider \u00e0 obtenir d\u2019excellentes suggestions, un devis pr\u00e9cis, et bien plus encore. Si vous ne savez pas quelle taille d\u2019auvent conviendrait le mieux \u00e0 votre espace commercial, contactez un professionnel pour obtenir des conseils.<\/p>\n<h3 style=\"text-align: justifier;\">3. Style<\/h3>\n<p style=\"text-align: justifier;\">L\u2019achat d\u2019un auvent pour votre espace commercial devient autant un investissement dans le style de votre entreprise que dans la fonctionnalit\u00e9 d\u2019un espace. Les auvents standard et les auvents invisibles populaires offrent chacun une esth\u00e9tique compl\u00e8tement diff\u00e9rente pour une entreprise ou un espace patio ext\u00e9rieur. Consid\u00e9rez attentivement ces options et d\u2019autres options d\u2019auvent pour trouver celle qui correspond parfaitement \u00e0 l\u2019image de votre entreprise ou \u00e0 l\u2019environnement de votre salle \u00e0 manger.<\/p>\n<h3 style=\"text-align: justifier;\">4. R\u00e9tractable vs. Corrig\u00e9<\/h3>\n<p style=\"text-align: justifier;\">Un autre choix important lors du choix de l\u2019auvent mural id\u00e9al pour votre entreprise ou votre restaurant inclut le mouvement. Certains auvents, appel\u00e9s auvents r\u00e9tractables, peuvent \u00eatre r\u00e9tract\u00e9s pour ouvrir l\u2019espace ou modifier l\u2019esth\u00e9tique. Ces auvents r\u00e9tractables commerciaux offrent plus de personnalisation de zone que les auvents fixes. Les propri\u00e9taires d\u2019entreprise peuvent r\u00e9tracter les auvents pour les prot\u00e9ger des intemp\u00e9ries ou offrir aux clients davantage de possibilit\u00e9s de s\u2019amuser au soleil. Une mise \u00e0 niveau vers un m\u00e9canisme de r\u00e9traction motoris\u00e9 avec un capteur de vent pour un auvent ext\u00e9rieur commercial peut faciliter le fonctionnement des auvents plus grands.<\/p>\n<p><img decoding=\"async\" class=\"alignnone wp-image-4940\" src=\"https:\/\/solexpert.es\/wp-content\/uploads\/2022\/05\/191137430_3116646628567888_973140652127341240_n-300x224.jpg\" alt=\"\" width=\"474\" height=\"354\" srcset=\"https:\/\/solexpert.es\/wp-content\/uploads\/2022\/05\/191137430_3116646628567888_973140652127341240_n-300x224.jpg 300w, https:\/\/solexpert.es\/wp-content\/uploads\/2022\/05\/191137430_3116646628567888_973140652127341240_n-1024x766.jpg 1024w, https:\/\/solexpert.es\/wp-content\/uploads\/2022\/05\/191137430_3116646628567888_973140652127341240_n-768x574.jpg 768w, https:\/\/solexpert.es\/wp-content\/uploads\/2022\/05\/191137430_3116646628567888_973140652127341240_n-80x60.jpg 80w, https:\/\/solexpert.es\/wp-content\/uploads\/2022\/05\/191137430_3116646628567888_973140652127341240_n.jpg 1407w\" sizes=\"(max-width: 474px) 100vw, 474px\" \/><\/p>\n<h3 style=\"text-align: justifier;\">5. Mat\u00e9riau et couleur<\/h3>\n<p style=\"text-align: justifier;\">Les propri\u00e9taires d\u2019entreprise disposent de plusieurs options en mati\u00e8re de mat\u00e9riaux et de couleurs.<\/p>\n<p>C\u2019est pour les auvents r\u00e9tractables motoris\u00e9s ext\u00e9rieurs. Certains tissus et couleurs d\u2019auvent retiennent ou absorbent mieux la chaleur que d\u2019autres. Il est donc utile de rechercher les avantages de chaque type de mat\u00e9riau avant de d\u00e9cider quel mat\u00e9riau d\u2019auvent acheter. En g\u00e9n\u00e9ral, les auvents sont fabriqu\u00e9s \u00e0 partir de mat\u00e9riaux tels que\u00a0:<\/p>\n<p style=\"text-align: justifier;\">M\u00e9tal<br \/>\nBois ou autres mat\u00e9riaux naturels<br \/>\nFibre de verre<br \/>\nVinyle<br \/>\nPolyester<br \/>\nTissus acryliques<br \/>\nToile<\/p>\n<p style=\"text-align: justifier;\">Revenez \u00e0 l\u2019objectif que vous avez choisi pour votre auvent et r\u00e9fl\u00e9chissez au climat typique de votre entreprise. Choisissez un mat\u00e9riau et des couleurs de auvent qui favorisent l\u2019ambiance que vous souhaitez pour votre espace. Si vous vous sentez perdu, contactez un expert en auvents commerciaux pour vous aider \u00e0 comprendre le r\u00f4le de chaque mat\u00e9riau dans un espace ext\u00e9rieur.<\/p>\n<h3 style=\"text-align: justifier;\">6. Imperm\u00e9abilisation<\/h3>\n<p style=\"text-align: justifier;\">Bien que certains mat\u00e9riaux populaires utilis\u00e9s pour les auvents et les couvertures ext\u00e9rieures soient d\u00e9j\u00e0 imperm\u00e9abilis\u00e9s ou r\u00e9sistants \u00e0 l\u2019eau dans une certaine mesure, une imperm\u00e9abilisation suppl\u00e9mentaire peut \u00eatre n\u00e9cessaire pour les auvents utilis\u00e9s dans les espaces ext\u00e9rieurs. Ils re\u00e7oivent un trafic \u00e9lev\u00e9 et. p\u00e9riodes fr\u00e9quentes de mauvais temps. L\u2019achat de mat\u00e9riel pour auvent r\u00e9tractable implique souvent de consid\u00e9rer le niveau d\u2019imperm\u00e9abilisation, d\u2019\u00e9tanch\u00e9it\u00e9 et d\u2019entretien de ces facteurs qui peuvent \u00eatre requis.<\/p>\n","protected":false},"excerpt":{"rendered":"<p>Les auvents constituent un excellent ajout &agrave; l&rsquo;esth&eacute;tique et &agrave; la fonctionnalit&eacute; des espaces commerciaux ext&eacute;rieurs et des vitrines. Ces rev&ecirc;tements offrent une protection contre la lumi&egrave;re du soleil et la pluie et peuvent renforcer l&rsquo;attrait visuel des devantures de magasins ou des terrasses autrement &laquo;&nbsp;nues&nbsp;&raquo;. Choisir quel auvent convient le mieux &agrave; votre entreprise ou &agrave; votre propri&eacute;t&eacute; commerciale [&hellip;]<\/p>\n","protected":false},"author":1,"featured_media":5551,"comment_status":"closed","ping_status":"closed","sticky":false,"template":"","format":"standard","meta":{"_joinchat":[],"footnotes":""},"categories":[1],"tags":[],"class_list":["post-7043","post","type-post","status-publish","format-standard","has-post-thumbnail","hentry","category-sin-categorizar"],"yoast_head":"<!-- This site is optimized with the Yoast SEO plugin v27.5 - https:\/\/yoast.com\/product\/yoast-seo-wordpress\/ -->\n<title>Quel auvent correspond le mieux \u00e0 vos besoins<\/title>\n<meta name=\"description\" content=\"Quel auvent correspond le mieux \u00e0 vos besoins. L&#039;achat d&#039;un auvent pour votre espace commercial devient \u00e0 la fois un investissement en style\" \/>\n<meta name=\"robots\" content=\"index, follow, max-snippet:-1, max-image-preview:large, max-video-preview:-1\" \/>\n<link rel=\"canonical\" href=\"https:\/\/solexpert.es\/fr\/quel-auvent-correspond-le-mieux-a-vos-besoins\/\" \/>\n<meta property=\"og:locale\" content=\"fr_FR\" \/>\n<meta property=\"og:type\" content=\"article\" \/>\n<meta property=\"og:title\" content=\"Quel auvent correspond le mieux \u00e0 vos besoins\" \/>\n<meta property=\"og:description\" content=\"Quel auvent correspond le mieux \u00e0 vos besoins. L&#039;achat d&#039;un auvent pour votre espace commercial devient \u00e0 la fois un investissement en style\" \/>\n<meta property=\"og:url\" content=\"https:\/\/solexpert.es\/fr\/quel-auvent-correspond-le-mieux-a-vos-besoins\/\" \/>\n<meta property=\"og:site_name\" content=\"\u25b6 Venta de toldos en L&#039; Escala\" \/>\n<meta property=\"article:published_time\" content=\"2024-05-09T12:17:52+00:00\" \/>\n<meta property=\"article:modified_time\" content=\"2024-05-09T21:11:43+00:00\" \/>\n<meta property=\"og:image\" content=\"https:\/\/solexpert.es\/wp-content\/uploads\/2022\/06\/3f777309-e7f8-43fb-8eba-4c9399167a20-2.jpg\" \/>\n\t<meta property=\"og:image:width\" content=\"1600\" \/>\n\t<meta property=\"og:image:height\" content=\"1197\" \/>\n\t<meta property=\"og:image:type\" content=\"image\/jpeg\" \/>\n<meta name=\"author\" content=\"SolExpert\" \/>\n<meta name=\"twitter:card\" content=\"summary_large_image\" \/>\n<meta name=\"twitter:label1\" content=\"\u00c9crit par\" \/>\n\t<meta name=\"twitter:data1\" content=\"SolExpert\" \/>\n\t<meta name=\"twitter:label2\" content=\"Dur\u00e9e de lecture estim\u00e9e\" \/>\n\t<meta name=\"twitter:data2\" content=\"5 minutes\" \/>\n<script type=\"application\/ld+json\" class=\"yoast-schema-graph\">{\"@context\":\"https:\\\/\\\/schema.org\",\"@graph\":[{\"@type\":\"Article\",\"@id\":\"https:\\\/\\\/solexpert.es\\\/fr\\\/quel-auvent-correspond-le-mieux-a-vos-besoins\\\/#article\",\"isPartOf\":{\"@id\":\"https:\\\/\\\/solexpert.es\\\/fr\\\/quel-auvent-correspond-le-mieux-a-vos-besoins\\\/\"},\"author\":{\"name\":\"SolExpert\",\"@id\":\"https:\\\/\\\/solexpert.info\\\/#\\\/schema\\\/person\\\/e7958ef35e46dd8f211e1ecb58f89e63\"},\"headline\":\"Quel auvent correspond le mieux \u00e0 vos besoins\",\"datePublished\":\"2024-05-09T12:17:52+00:00\",\"dateModified\":\"2024-05-09T21:11:43+00:00\",\"mainEntityOfPage\":{\"@id\":\"https:\\\/\\\/solexpert.es\\\/fr\\\/quel-auvent-correspond-le-mieux-a-vos-besoins\\\/\"},\"wordCount\":966,\"publisher\":{\"@id\":\"https:\\\/\\\/solexpert.info\\\/#organization\"},\"image\":{\"@id\":\"https:\\\/\\\/solexpert.es\\\/fr\\\/quel-auvent-correspond-le-mieux-a-vos-besoins\\\/#primaryimage\"},\"thumbnailUrl\":\"https:\\\/\\\/solexpert.es\\\/wp-content\\\/uploads\\\/2022\\\/06\\\/3f777309-e7f8-43fb-8eba-4c9399167a20-2.jpg\",\"articleSection\":[\"Sin categorizar\"],\"inLanguage\":\"fr-FR\"},{\"@type\":\"WebPage\",\"@id\":\"https:\\\/\\\/solexpert.es\\\/fr\\\/quel-auvent-correspond-le-mieux-a-vos-besoins\\\/\",\"url\":\"https:\\\/\\\/solexpert.es\\\/fr\\\/quel-auvent-correspond-le-mieux-a-vos-besoins\\\/\",\"name\":\"Quel auvent correspond le mieux \u00e0 vos besoins\",\"isPartOf\":{\"@id\":\"https:\\\/\\\/solexpert.info\\\/#website\"},\"primaryImageOfPage\":{\"@id\":\"https:\\\/\\\/solexpert.es\\\/fr\\\/quel-auvent-correspond-le-mieux-a-vos-besoins\\\/#primaryimage\"},\"image\":{\"@id\":\"https:\\\/\\\/solexpert.es\\\/fr\\\/quel-auvent-correspond-le-mieux-a-vos-besoins\\\/#primaryimage\"},\"thumbnailUrl\":\"https:\\\/\\\/solexpert.es\\\/wp-content\\\/uploads\\\/2022\\\/06\\\/3f777309-e7f8-43fb-8eba-4c9399167a20-2.jpg\",\"datePublished\":\"2024-05-09T12:17:52+00:00\",\"dateModified\":\"2024-05-09T21:11:43+00:00\",\"description\":\"Quel auvent correspond le mieux \u00e0 vos besoins. L'achat d'un auvent pour votre espace commercial devient \u00e0 la fois un investissement en style\",\"breadcrumb\":{\"@id\":\"https:\\\/\\\/solexpert.es\\\/fr\\\/quel-auvent-correspond-le-mieux-a-vos-besoins\\\/#breadcrumb\"},\"inLanguage\":\"fr-FR\",\"potentialAction\":[{\"@type\":\"ReadAction\",\"target\":[\"https:\\\/\\\/solexpert.es\\\/fr\\\/quel-auvent-correspond-le-mieux-a-vos-besoins\\\/\"]}]},{\"@type\":\"ImageObject\",\"inLanguage\":\"fr-FR\",\"@id\":\"https:\\\/\\\/solexpert.es\\\/fr\\\/quel-auvent-correspond-le-mieux-a-vos-besoins\\\/#primaryimage\",\"url\":\"https:\\\/\\\/solexpert.es\\\/wp-content\\\/uploads\\\/2022\\\/06\\\/3f777309-e7f8-43fb-8eba-4c9399167a20-2.jpg\",\"contentUrl\":\"https:\\\/\\\/solexpert.es\\\/wp-content\\\/uploads\\\/2022\\\/06\\\/3f777309-e7f8-43fb-8eba-4c9399167a20-2.jpg\",\"width\":1600,\"height\":1197},{\"@type\":\"BreadcrumbList\",\"@id\":\"https:\\\/\\\/solexpert.es\\\/fr\\\/quel-auvent-correspond-le-mieux-a-vos-besoins\\\/#breadcrumb\",\"itemListElement\":[{\"@type\":\"ListItem\",\"position\":1,\"name\":\"Inici\",\"item\":\"https:\\\/\\\/solexpert.es\\\/fr\\\/\"},{\"@type\":\"ListItem\",\"position\":2,\"name\":\"Quel auvent correspond le mieux \u00e0 vos besoins\"}]},{\"@type\":\"WebSite\",\"@id\":\"https:\\\/\\\/solexpert.info\\\/#website\",\"url\":\"https:\\\/\\\/solexpert.info\\\/\",\"name\":\"\u25b6 Venta de toldos en L&#039; Escala\",\"description\":\"\",\"publisher\":{\"@id\":\"https:\\\/\\\/solexpert.info\\\/#organization\"},\"potentialAction\":[{\"@type\":\"SearchAction\",\"target\":{\"@type\":\"EntryPoint\",\"urlTemplate\":\"https:\\\/\\\/solexpert.info\\\/?s={search_term_string}\"},\"query-input\":{\"@type\":\"PropertyValueSpecification\",\"valueRequired\":true,\"valueName\":\"search_term_string\"}}],\"inLanguage\":\"fr-FR\"},{\"@type\":\"Organization\",\"@id\":\"https:\\\/\\\/solexpert.info\\\/#organization\",\"name\":\"\u25b6 Venta de toldos en L&#039; Escala\",\"url\":\"https:\\\/\\\/solexpert.info\\\/\",\"logo\":{\"@type\":\"ImageObject\",\"inLanguage\":\"fr-FR\",\"@id\":\"https:\\\/\\\/solexpert.info\\\/#\\\/schema\\\/logo\\\/image\\\/\",\"url\":\"https:\\\/\\\/solexpert.es\\\/wp-content\\\/uploads\\\/2022\\\/04\\\/logo.png\",\"contentUrl\":\"https:\\\/\\\/solexpert.es\\\/wp-content\\\/uploads\\\/2022\\\/04\\\/logo.png\",\"width\":890,\"height\":500,\"caption\":\"\u25b6 Venta de toldos en L&#039; Escala\"},\"image\":{\"@id\":\"https:\\\/\\\/solexpert.info\\\/#\\\/schema\\\/logo\\\/image\\\/\"}},{\"@type\":\"Person\",\"@id\":\"https:\\\/\\\/solexpert.info\\\/#\\\/schema\\\/person\\\/e7958ef35e46dd8f211e1ecb58f89e63\",\"name\":\"SolExpert\",\"image\":{\"@type\":\"ImageObject\",\"inLanguage\":\"fr-FR\",\"@id\":\"https:\\\/\\\/secure.gravatar.com\\\/avatar\\\/aa67c96f91b1b94fa81c43a394ee67ccbe087a212f4a15a2f49020cfb1548dd1?s=96&d=mm&r=g\",\"url\":\"https:\\\/\\\/secure.gravatar.com\\\/avatar\\\/aa67c96f91b1b94fa81c43a394ee67ccbe087a212f4a15a2f49020cfb1548dd1?s=96&d=mm&r=g\",\"contentUrl\":\"https:\\\/\\\/secure.gravatar.com\\\/avatar\\\/aa67c96f91b1b94fa81c43a394ee67ccbe087a212f4a15a2f49020cfb1548dd1?s=96&d=mm&r=g\",\"caption\":\"SolExpert\"},\"sameAs\":[\"https:\\\/\\\/solexpert.info\"]}]}<\/script>\n<!-- \/ Yoast SEO plugin. -->","yoast_head_json":{"title":"Quel auvent correspond le mieux \u00e0 vos besoins","description":"Quel auvent correspond le mieux \u00e0 vos besoins. L'achat d'un auvent pour votre espace commercial devient \u00e0 la fois un investissement en style","robots":{"index":"index","follow":"follow","max-snippet":"max-snippet:-1","max-image-preview":"max-image-preview:large","max-video-preview":"max-video-preview:-1"},"canonical":"https:\/\/solexpert.es\/fr\/quel-auvent-correspond-le-mieux-a-vos-besoins\/","og_locale":"fr_FR","og_type":"article","og_title":"Quel auvent correspond le mieux \u00e0 vos besoins","og_description":"Quel auvent correspond le mieux \u00e0 vos besoins. L'achat d'un auvent pour votre espace commercial devient \u00e0 la fois un investissement en style","og_url":"https:\/\/solexpert.es\/fr\/quel-auvent-correspond-le-mieux-a-vos-besoins\/","og_site_name":"\u25b6 Venta de toldos en L&#039; Escala","article_published_time":"2024-05-09T12:17:52+00:00","article_modified_time":"2024-05-09T21:11:43+00:00","og_image":[{"width":1600,"height":1197,"url":"https:\/\/solexpert.es\/wp-content\/uploads\/2022\/06\/3f777309-e7f8-43fb-8eba-4c9399167a20-2.jpg","type":"image\/jpeg"}],"author":"SolExpert","twitter_card":"summary_large_image","twitter_misc":{"\u00c9crit par":"SolExpert","Dur\u00e9e de lecture estim\u00e9e":"5 minutes"},"schema":{"@context":"https:\/\/schema.org","@graph":[{"@type":"Article","@id":"https:\/\/solexpert.es\/fr\/quel-auvent-correspond-le-mieux-a-vos-besoins\/#article","isPartOf":{"@id":"https:\/\/solexpert.es\/fr\/quel-auvent-correspond-le-mieux-a-vos-besoins\/"},"author":{"name":"SolExpert","@id":"https:\/\/solexpert.info\/#\/schema\/person\/e7958ef35e46dd8f211e1ecb58f89e63"},"headline":"Quel auvent correspond le mieux \u00e0 vos besoins","datePublished":"2024-05-09T12:17:52+00:00","dateModified":"2024-05-09T21:11:43+00:00","mainEntityOfPage":{"@id":"https:\/\/solexpert.es\/fr\/quel-auvent-correspond-le-mieux-a-vos-besoins\/"},"wordCount":966,"publisher":{"@id":"https:\/\/solexpert.info\/#organization"},"image":{"@id":"https:\/\/solexpert.es\/fr\/quel-auvent-correspond-le-mieux-a-vos-besoins\/#primaryimage"},"thumbnailUrl":"https:\/\/solexpert.es\/wp-content\/uploads\/2022\/06\/3f777309-e7f8-43fb-8eba-4c9399167a20-2.jpg","articleSection":["Sin categorizar"],"inLanguage":"fr-FR"},{"@type":"WebPage","@id":"https:\/\/solexpert.es\/fr\/quel-auvent-correspond-le-mieux-a-vos-besoins\/","url":"https:\/\/solexpert.es\/fr\/quel-auvent-correspond-le-mieux-a-vos-besoins\/","name":"Quel auvent correspond le mieux \u00e0 vos besoins","isPartOf":{"@id":"https:\/\/solexpert.info\/#website"},"primaryImageOfPage":{"@id":"https:\/\/solexpert.es\/fr\/quel-auvent-correspond-le-mieux-a-vos-besoins\/#primaryimage"},"image":{"@id":"https:\/\/solexpert.es\/fr\/quel-auvent-correspond-le-mieux-a-vos-besoins\/#primaryimage"},"thumbnailUrl":"https:\/\/solexpert.es\/wp-content\/uploads\/2022\/06\/3f777309-e7f8-43fb-8eba-4c9399167a20-2.jpg","datePublished":"2024-05-09T12:17:52+00:00","dateModified":"2024-05-09T21:11:43+00:00","description":"Quel auvent correspond le mieux \u00e0 vos besoins. L'achat d'un auvent pour votre espace commercial devient \u00e0 la fois un investissement en style","breadcrumb":{"@id":"https:\/\/solexpert.es\/fr\/quel-auvent-correspond-le-mieux-a-vos-besoins\/#breadcrumb"},"inLanguage":"fr-FR","potentialAction":[{"@type":"ReadAction","target":["https:\/\/solexpert.es\/fr\/quel-auvent-correspond-le-mieux-a-vos-besoins\/"]}]},{"@type":"ImageObject","inLanguage":"fr-FR","@id":"https:\/\/solexpert.es\/fr\/quel-auvent-correspond-le-mieux-a-vos-besoins\/#primaryimage","url":"https:\/\/solexpert.es\/wp-content\/uploads\/2022\/06\/3f777309-e7f8-43fb-8eba-4c9399167a20-2.jpg","contentUrl":"https:\/\/solexpert.es\/wp-content\/uploads\/2022\/06\/3f777309-e7f8-43fb-8eba-4c9399167a20-2.jpg","width":1600,"height":1197},{"@type":"BreadcrumbList","@id":"https:\/\/solexpert.es\/fr\/quel-auvent-correspond-le-mieux-a-vos-besoins\/#breadcrumb","itemListElement":[{"@type":"ListItem","position":1,"name":"Inici","item":"https:\/\/solexpert.es\/fr\/"},{"@type":"ListItem","position":2,"name":"Quel auvent correspond le mieux \u00e0 vos besoins"}]},{"@type":"WebSite","@id":"https:\/\/solexpert.info\/#website","url":"https:\/\/solexpert.info\/","name":"\u25b6 Venta de toldos en L&#039; Escala","description":"","publisher":{"@id":"https:\/\/solexpert.info\/#organization"},"potentialAction":[{"@type":"SearchAction","target":{"@type":"EntryPoint","urlTemplate":"https:\/\/solexpert.info\/?s={search_term_string}"},"query-input":{"@type":"PropertyValueSpecification","valueRequired":true,"valueName":"search_term_string"}}],"inLanguage":"fr-FR"},{"@type":"Organization","@id":"https:\/\/solexpert.info\/#organization","name":"\u25b6 Venta de toldos en L&#039; Escala","url":"https:\/\/solexpert.info\/","logo":{"@type":"ImageObject","inLanguage":"fr-FR","@id":"https:\/\/solexpert.info\/#\/schema\/logo\/image\/","url":"https:\/\/solexpert.es\/wp-content\/uploads\/2022\/04\/logo.png","contentUrl":"https:\/\/solexpert.es\/wp-content\/uploads\/2022\/04\/logo.png","width":890,"height":500,"caption":"\u25b6 Venta de toldos en L&#039; Escala"},"image":{"@id":"https:\/\/solexpert.info\/#\/schema\/logo\/image\/"}},{"@type":"Person","@id":"https:\/\/solexpert.info\/#\/schema\/person\/e7958ef35e46dd8f211e1ecb58f89e63","name":"SolExpert","image":{"@type":"ImageObject","inLanguage":"fr-FR","@id":"https:\/\/secure.gravatar.com\/avatar\/aa67c96f91b1b94fa81c43a394ee67ccbe087a212f4a15a2f49020cfb1548dd1?s=96&d=mm&r=g","url":"https:\/\/secure.gravatar.com\/avatar\/aa67c96f91b1b94fa81c43a394ee67ccbe087a212f4a15a2f49020cfb1548dd1?s=96&d=mm&r=g","contentUrl":"https:\/\/secure.gravatar.com\/avatar\/aa67c96f91b1b94fa81c43a394ee67ccbe087a212f4a15a2f49020cfb1548dd1?s=96&d=mm&r=g","caption":"SolExpert"},"sameAs":["https:\/\/solexpert.info"]}]}},"_links":{"self":[{"href":"https:\/\/solexpert.es\/fr\/wp-json\/wp\/v2\/posts\/7043","targetHints":{"allow":["GET"]}}],"collection":[{"href":"https:\/\/solexpert.es\/fr\/wp-json\/wp\/v2\/posts"}],"about":[{"href":"https:\/\/solexpert.es\/fr\/wp-json\/wp\/v2\/types\/post"}],"author":[{"embeddable":true,"href":"https:\/\/solexpert.es\/fr\/wp-json\/wp\/v2\/users\/1"}],"replies":[{"embeddable":true,"href":"https:\/\/solexpert.es\/fr\/wp-json\/wp\/v2\/comments?post=7043"}],"version-history":[{"count":3,"href":"https:\/\/solexpert.es\/fr\/wp-json\/wp\/v2\/posts\/7043\/revisions"}],"predecessor-version":[{"id":8290,"href":"https:\/\/solexpert.es\/fr\/wp-json\/wp\/v2\/posts\/7043\/revisions\/8290"}],"wp:featuredmedia":[{"embeddable":true,"href":"https:\/\/solexpert.es\/fr\/wp-json\/wp\/v2\/media\/5551"}],"wp:attachment":[{"href":"https:\/\/solexpert.es\/fr\/wp-json\/wp\/v2\/media?parent=7043"}],"wp:term":[{"taxonomy":"category","embeddable":true,"href":"https:\/\/solexpert.es\/fr\/wp-json\/wp\/v2\/categories?post=7043"},{"taxonomy":"post_tag","embeddable":true,"href":"https:\/\/solexpert.es\/fr\/wp-json\/wp\/v2\/tags?post=7043"}],"curies":[{"name":"wp","href":"https:\/\/api.w.org\/{rel}","templated":true}]}}